{"id":8437,"date":"2026-09-04T17:28:32","date_gmt":"2026-09-04T20:28:32","guid":{"rendered":"http:\/\/fichero.veterinariaudec.cl\/concepcion\/?p=8437"},"modified":"2026-09-04T17:28:42","modified_gmt":"2026-09-04T20:28:42","slug":"calendario-de-evaluaciones-2-2026","status":"publish","type":"post","link":"http:\/\/fichero.veterinariaudec.cl\/concepcion\/?p=8437","title":{"rendered":"CALENDARIO DE EVALUACIONES 2-2026"},"content":{"rendered":"<p style=\"text-align: center\">Estimados Alumnos<\/p>\n<p style=\"text-align: center\">Por indicaci\u00f3n de Dr. Alejandro Lobos L., Director de Escuela Concepci\u00f3n<\/p>\n<p style=\"text-align: center\">en adjunto links con calendario de evaluaciones 2-2026 + programaci\u00f3n de salas para cada evaluaciones (2da planilla &#8220;programaci\u00f3n salas&#8221;)<\/p>\n<p>&nbsp;<\/p>\n<h3 style=\"text-align: center\"><a href=\"https:\/\/udeconce-my.sharepoint.com\/:x:\/g\/personal\/angelcaripan_udec_cl\/IQBGfuuDfTD3TpFjMSl1YKqyAblM0QaTYdCSEpp8qVIbTWA?e=oaW58N\">FECHAS evaluaciones concepcion 2-2026 + PROG. salas.xlsx<\/a><\/h3>\n<p>&nbsp;<\/p>\n","protected":false},"excerpt":{"rendered":"<p>Estimados Alumnos Por indicaci\u00f3n de Dr. Alejandro Lobos L., Director de Escuela Concepci\u00f3n en adjunto links con calendario de evaluaciones 2-2026 + programaci\u00f3n de salas para cada evaluaciones (2da planilla &#8220;programaci\u00f3n salas&#8221;) &nbsp; FECHAS evaluaciones concepcion 2-2026 + PROG. salas.xlsx &nbsp;<\/p>\n","protected":false},"author":8,"featured_media":0,"comment_status":"closed","ping_status":"closed","sticky":false,"template":"","format":"standard","meta":{"footnotes":""},"categories":[3],"tags":[],"class_list":["post-8437","post","type-post","status-publish","format-standard","hentry","category-destacados"],"_links":{"self":[{"href":"http:\/\/fichero.veterinariaudec.cl\/concepcion\/index.php?rest_route=\/wp\/v2\/posts\/8437","targetHints":{"allow":["GET"]}}],"collection":[{"href":"http:\/\/fichero.veterinariaudec.cl\/concepcion\/index.php?rest_route=\/wp\/v2\/posts"}],"about":[{"href":"http:\/\/fichero.veterinariaudec.cl\/concepcion\/index.php?rest_route=\/wp\/v2\/types\/post"}],"author":[{"embeddable":true,"href":"http:\/\/fichero.veterinariaudec.cl\/concepcion\/index.php?rest_route=\/wp\/v2\/users\/8"}],"replies":[{"embeddable":true,"href":"http:\/\/fichero.veterinariaudec.cl\/concepcion\/index.php?rest_route=%2Fwp%2Fv2%2Fcomments&post=8437"}],"version-history":[{"count":4,"href":"http:\/\/fichero.veterinariaudec.cl\/concepcion\/index.php?rest_route=\/wp\/v2\/posts\/8437\/revisions"}],"predecessor-version":[{"id":8441,"href":"http:\/\/fichero.veterinariaudec.cl\/concepcion\/index.php?rest_route=\/wp\/v2\/posts\/8437\/revisions\/8441"}],"wp:attachment":[{"href":"http:\/\/fichero.veterinariaudec.cl\/concepcion\/index.php?rest_route=%2Fwp%2Fv2%2Fmedia&parent=8437"}],"wp:term":[{"taxonomy":"category","embeddable":true,"href":"http:\/\/fichero.veterinariaudec.cl\/concepcion\/index.php?rest_route=%2Fwp%2Fv2%2Fcategories&post=8437"},{"taxonomy":"post_tag","embeddable":true,"href":"http:\/\/fichero.veterinariaudec.cl\/concepcion\/index.php?rest_route=%2Fwp%2Fv2%2Ftags&post=8437"}],"curies":[{"name":"wp","href":"https:\/\/api.w.org\/{rel}","templated":true}]}}