{"id":8434,"date":"2026-09-04T16:57:26","date_gmt":"2026-09-04T19:57:26","guid":{"rendered":"http:\/\/fichero.veterinariaudec.cl\/concepcion\/?p=8434"},"modified":"2026-09-04T16:57:26","modified_gmt":"2026-09-04T19:57:26","slug":"difusion-convocatoria-tutor-a-par-cade-2027","status":"publish","type":"post","link":"http:\/\/fichero.veterinariaudec.cl\/concepcion\/?p=8434","title":{"rendered":"Difusi\u00f3n convocatoria Tutor\/a Par CADE 2027."},"content":{"rendered":"<p><a href=\"http:\/\/fichero.veterinariaudec.cl\/concepcion\/?attachment_id=8435\" rel=\"attachment wp-att-8435\"><img loading=\"lazy\" decoding=\"async\" class=\"alignnone size-full wp-image-8435\" src=\"http:\/\/fichero.veterinariaudec.cl\/concepcion\/wp-content\/uploads\/2026\/09\/Imagen-Dr-lobos.png\" alt=\"\" width=\"800\" height=\"1080\" srcset=\"http:\/\/fichero.veterinariaudec.cl\/concepcion\/wp-content\/uploads\/2026\/09\/Imagen-Dr-lobos.png 800w, http:\/\/fichero.veterinariaudec.cl\/concepcion\/wp-content\/uploads\/2026\/09\/Imagen-Dr-lobos-222x300.png 222w, http:\/\/fichero.veterinariaudec.cl\/concepcion\/wp-content\/uploads\/2026\/09\/Imagen-Dr-lobos-759x1024.png 759w, http:\/\/fichero.veterinariaudec.cl\/concepcion\/wp-content\/uploads\/2026\/09\/Imagen-Dr-lobos-768x1037.png 768w\" sizes=\"auto, (max-width: 800px) 100vw, 800px\" \/><\/a><\/p>\n<p><strong>Requisitos principales:<\/strong>\u00a0ser estudiante regular durante 2027, cursar segundo o tercer a\u00f1o, contar con disponibilidad aproximada de 3 horas semanales y no realizar pr\u00e1ctica profesional o internado durante dicho a\u00f1o. El buen desempe\u00f1o acad\u00e9mico es deseable, pero no excluyente.<\/p>\n<p>La postulaci\u00f3n contempla el <strong>Informe Curricular<\/strong>, una <strong>presentaci\u00f3n del postulante<\/strong>\u00a0(video, presentaci\u00f3n con voz o formato creativo) y, opcionalmente, una <strong>carta de recomendaci\u00f3n<\/strong>.<\/p>\n<p><strong>Plazo de postulaci\u00f3n: 30 de octubre de 2026.<\/strong><\/p>\n<p>Formulario de postulaci\u00f3n: <a href=\"https:\/\/forms.cloud.microsoft\/r\/7vG1x1JXAP\">https:\/\/forms.cloud.microsoft\/r\/7vG1x1JXAP<\/a><\/p>\n<p>Para mayor informaci\u00f3n, pueden escribir a <a href=\"mailto:tutoriacade@udec.cl\"><strong>tutoriacade@udec.cl<\/strong><\/a>\u00a0o visitar el Instagram de CADE UdeC.<\/p>\n<p>Agradecemos desde ya todo su apoyo y colaboraci\u00f3n, como tambi\u00e9n si pudieran compartir esta informaci\u00f3n a trav\u00e9s de INFODA con los y las estudiantes&#8221;,<\/p>\n<p>&nbsp;<\/p>\n","protected":false},"excerpt":{"rendered":"<p>Requisitos principales:\u00a0ser estudiante regular durante 2027, cursar segundo o tercer a\u00f1o, contar con disponibilidad aproximada de 3 horas semanales y no realizar pr\u00e1ctica profesional o internado durante dicho a\u00f1o. El buen desempe\u00f1o acad\u00e9mico es deseable, pero no excluyente. La postulaci\u00f3n contempla el Informe Curricular, una presentaci\u00f3n del postulante\u00a0(video, presentaci\u00f3n con voz o formato creativo) y, [&hellip;]<\/p>\n","protected":false},"author":6,"featured_media":0,"comment_status":"closed","ping_status":"closed","sticky":false,"template":"","format":"standard","meta":{"footnotes":""},"categories":[1],"tags":[],"class_list":["post-8434","post","type-post","status-publish","format-standard","hentry","category-sin-categoria"],"_links":{"self":[{"href":"http:\/\/fichero.veterinariaudec.cl\/concepcion\/index.php?rest_route=\/wp\/v2\/posts\/8434","targetHints":{"allow":["GET"]}}],"collection":[{"href":"http:\/\/fichero.veterinariaudec.cl\/concepcion\/index.php?rest_route=\/wp\/v2\/posts"}],"about":[{"href":"http:\/\/fichero.veterinariaudec.cl\/concepcion\/index.php?rest_route=\/wp\/v2\/types\/post"}],"author":[{"embeddable":true,"href":"http:\/\/fichero.veterinariaudec.cl\/concepcion\/index.php?rest_route=\/wp\/v2\/users\/6"}],"replies":[{"embeddable":true,"href":"http:\/\/fichero.veterinariaudec.cl\/concepcion\/index.php?rest_route=%2Fwp%2Fv2%2Fcomments&post=8434"}],"version-history":[{"count":1,"href":"http:\/\/fichero.veterinariaudec.cl\/concepcion\/index.php?rest_route=\/wp\/v2\/posts\/8434\/revisions"}],"predecessor-version":[{"id":8436,"href":"http:\/\/fichero.veterinariaudec.cl\/concepcion\/index.php?rest_route=\/wp\/v2\/posts\/8434\/revisions\/8436"}],"wp:attachment":[{"href":"http:\/\/fichero.veterinariaudec.cl\/concepcion\/index.php?rest_route=%2Fwp%2Fv2%2Fmedia&parent=8434"}],"wp:term":[{"taxonomy":"category","embeddable":true,"href":"http:\/\/fichero.veterinariaudec.cl\/concepcion\/index.php?rest_route=%2Fwp%2Fv2%2Fcategories&post=8434"},{"taxonomy":"post_tag","embeddable":true,"href":"http:\/\/fichero.veterinariaudec.cl\/concepcion\/index.php?rest_route=%2Fwp%2Fv2%2Ftags&post=8434"}],"curies":[{"name":"wp","href":"https:\/\/api.w.org\/{rel}","templated":true}]}}