{"id":8409,"date":"2026-08-31T17:55:26","date_gmt":"2026-08-31T20:55:26","guid":{"rendered":"http:\/\/fichero.veterinariaudec.cl\/concepcion\/?p=8409"},"modified":"2026-08-31T17:55:26","modified_gmt":"2026-08-31T20:55:26","slug":"llamado-a-ratificacion-2-semestre-2026","status":"publish","type":"post","link":"http:\/\/fichero.veterinariaudec.cl\/concepcion\/?p=8409","title":{"rendered":"LLAMADO A RATIFICACI\u00d3N 2\u00b0 SEMESTRE 2026."},"content":{"rendered":"<p>Estimada comunidad estudiantil,<\/p>\n<p>&nbsp;<\/p>\n<p>Se les informa que se inici\u00f3 el periodo de ratificaci\u00f3n de asignaturas 2-2026.<\/p>\n<p>&nbsp;<\/p>\n<p>Este proceso es fundamental pues les permite confirmar las asignaturas inscritas como tambi\u00e9n les da la \u00faltima oportunidad para hacer modificaciones de inscripci\u00f3n.<\/p>\n<p>&nbsp;<\/p>\n<p>La ratificaci\u00f3n finaliza el d\u00eda mi\u00e9rcoles 2 de septiembre y para realizarlo deben acceder al siguiente QR:<\/p>\n<p><a href=\"http:\/\/fichero.veterinariaudec.cl\/concepcion\/wp-content\/uploads\/2026\/08\/Codigo-QR-para-Ratificacion-de-asignaturas-2do-semestre-2026-1.png\"><img loading=\"lazy\" decoding=\"async\" class=\"alignnone size-medium wp-image-8410\" src=\"http:\/\/fichero.veterinariaudec.cl\/concepcion\/wp-content\/uploads\/2026\/08\/Codigo-QR-para-Ratificacion-de-asignaturas-2do-semestre-2026-1-300x300.png\" alt=\"\" width=\"300\" height=\"300\" srcset=\"http:\/\/fichero.veterinariaudec.cl\/concepcion\/wp-content\/uploads\/2026\/08\/Codigo-QR-para-Ratificacion-de-asignaturas-2do-semestre-2026-1-300x300.png 300w, http:\/\/fichero.veterinariaudec.cl\/concepcion\/wp-content\/uploads\/2026\/08\/Codigo-QR-para-Ratificacion-de-asignaturas-2do-semestre-2026-1-1024x1024.png 1024w, http:\/\/fichero.veterinariaudec.cl\/concepcion\/wp-content\/uploads\/2026\/08\/Codigo-QR-para-Ratificacion-de-asignaturas-2do-semestre-2026-1-150x150.png 150w, http:\/\/fichero.veterinariaudec.cl\/concepcion\/wp-content\/uploads\/2026\/08\/Codigo-QR-para-Ratificacion-de-asignaturas-2do-semestre-2026-1-768x768.png 768w, http:\/\/fichero.veterinariaudec.cl\/concepcion\/wp-content\/uploads\/2026\/08\/Codigo-QR-para-Ratificacion-de-asignaturas-2do-semestre-2026-1-1536x1536.png 1536w, http:\/\/fichero.veterinariaudec.cl\/concepcion\/wp-content\/uploads\/2026\/08\/Codigo-QR-para-Ratificacion-de-asignaturas-2do-semestre-2026-1-60x60.png 60w, http:\/\/fichero.veterinariaudec.cl\/concepcion\/wp-content\/uploads\/2026\/08\/Codigo-QR-para-Ratificacion-de-asignaturas-2do-semestre-2026-1.png 1890w\" sizes=\"auto, (max-width: 300px) 100vw, 300px\" \/><\/a><\/p>\n<p>&nbsp;<\/p>\n<p>&nbsp;<\/p>\n<p>La direcci\u00f3n<\/p>\n","protected":false},"excerpt":{"rendered":"<p>Estimada comunidad estudiantil, &nbsp; Se les informa que se inici\u00f3 el periodo de ratificaci\u00f3n de asignaturas 2-2026. &nbsp; Este proceso es fundamental pues les permite confirmar las asignaturas inscritas como tambi\u00e9n les da la \u00faltima oportunidad para hacer modificaciones de inscripci\u00f3n. &nbsp; La ratificaci\u00f3n finaliza el d\u00eda mi\u00e9rcoles 2 de septiembre y para realizarlo deben [&hellip;]<\/p>\n","protected":false},"author":6,"featured_media":0,"comment_status":"closed","ping_status":"closed","sticky":false,"template":"","format":"standard","meta":{"footnotes":""},"categories":[1],"tags":[],"class_list":["post-8409","post","type-post","status-publish","format-standard","hentry","category-sin-categoria"],"_links":{"self":[{"href":"http:\/\/fichero.veterinariaudec.cl\/concepcion\/index.php?rest_route=\/wp\/v2\/posts\/8409","targetHints":{"allow":["GET"]}}],"collection":[{"href":"http:\/\/fichero.veterinariaudec.cl\/concepcion\/index.php?rest_route=\/wp\/v2\/posts"}],"about":[{"href":"http:\/\/fichero.veterinariaudec.cl\/concepcion\/index.php?rest_route=\/wp\/v2\/types\/post"}],"author":[{"embeddable":true,"href":"http:\/\/fichero.veterinariaudec.cl\/concepcion\/index.php?rest_route=\/wp\/v2\/users\/6"}],"replies":[{"embeddable":true,"href":"http:\/\/fichero.veterinariaudec.cl\/concepcion\/index.php?rest_route=%2Fwp%2Fv2%2Fcomments&post=8409"}],"version-history":[{"count":1,"href":"http:\/\/fichero.veterinariaudec.cl\/concepcion\/index.php?rest_route=\/wp\/v2\/posts\/8409\/revisions"}],"predecessor-version":[{"id":8411,"href":"http:\/\/fichero.veterinariaudec.cl\/concepcion\/index.php?rest_route=\/wp\/v2\/posts\/8409\/revisions\/8411"}],"wp:attachment":[{"href":"http:\/\/fichero.veterinariaudec.cl\/concepcion\/index.php?rest_route=%2Fwp%2Fv2%2Fmedia&parent=8409"}],"wp:term":[{"taxonomy":"category","embeddable":true,"href":"http:\/\/fichero.veterinariaudec.cl\/concepcion\/index.php?rest_route=%2Fwp%2Fv2%2Fcategories&post=8409"},{"taxonomy":"post_tag","embeddable":true,"href":"http:\/\/fichero.veterinariaudec.cl\/concepcion\/index.php?rest_route=%2Fwp%2Fv2%2Ftags&post=8409"}],"curies":[{"name":"wp","href":"https:\/\/api.w.org\/{rel}","templated":true}]}}