{"id":8114,"date":"2026-03-10T13:05:07","date_gmt":"2026-03-10T16:05:07","guid":{"rendered":"http:\/\/fichero.veterinariaudec.cl\/concepcion\/?p=8114"},"modified":"2026-04-06T11:29:30","modified_gmt":"2026-04-06T14:29:30","slug":"clases-de-biologia-celular","status":"publish","type":"post","link":"http:\/\/fichero.veterinariaudec.cl\/concepcion\/?p=8114","title":{"rendered":"CLASES DE BIOLOG\u00cdA CELULAR"},"content":{"rendered":"<p>Se informa que las clases de la asignatura de primer a\u00f1o <strong>Biolog\u00eda Celular (c\u00f3digo 241001)<\/strong>, se dictar\u00e1n en las siguientes salas :<\/p>\n<p>Lunes &#8211;\u00a0\u00a0<strong>Sala: Laboratorio Biolog\u00eda Celular 1<\/strong><\/p>\n<p>Martes &#8211;\u00a0<strong> Sala: Osteoteca 1\u00a0<\/strong><\/p>\n<p>Jueves &#8211; <strong>Sala: Osteoteca 1\u00a0<\/strong><\/p>\n<p>Atte.,<\/p>\n<p>Secretaria Decanato<\/p>\n","protected":false},"excerpt":{"rendered":"<p>Se informa que las clases de la asignatura de primer a\u00f1o Biolog\u00eda Celular (c\u00f3digo 241001), se dictar\u00e1n en las siguientes salas : Lunes &#8211;\u00a0\u00a0Sala: Laboratorio Biolog\u00eda Celular 1 Martes &#8211;\u00a0 Sala: Osteoteca 1\u00a0 Jueves &#8211; Sala: Osteoteca 1\u00a0 Atte., Secretaria Decanato<\/p>\n","protected":false},"author":1,"featured_media":0,"comment_status":"closed","ping_status":"closed","sticky":false,"template":"","format":"standard","meta":{"footnotes":""},"categories":[1],"tags":[],"class_list":["post-8114","post","type-post","status-publish","format-standard","hentry","category-sin-categoria"],"_links":{"self":[{"href":"http:\/\/fichero.veterinariaudec.cl\/concepcion\/index.php?rest_route=\/wp\/v2\/posts\/8114","targetHints":{"allow":["GET"]}}],"collection":[{"href":"http:\/\/fichero.veterinariaudec.cl\/concepcion\/index.php?rest_route=\/wp\/v2\/posts"}],"about":[{"href":"http:\/\/fichero.veterinariaudec.cl\/concepcion\/index.php?rest_route=\/wp\/v2\/types\/post"}],"author":[{"embeddable":true,"href":"http:\/\/fichero.veterinariaudec.cl\/concepcion\/index.php?rest_route=\/wp\/v2\/users\/1"}],"replies":[{"embeddable":true,"href":"http:\/\/fichero.veterinariaudec.cl\/concepcion\/index.php?rest_route=%2Fwp%2Fv2%2Fcomments&post=8114"}],"version-history":[{"count":2,"href":"http:\/\/fichero.veterinariaudec.cl\/concepcion\/index.php?rest_route=\/wp\/v2\/posts\/8114\/revisions"}],"predecessor-version":[{"id":8228,"href":"http:\/\/fichero.veterinariaudec.cl\/concepcion\/index.php?rest_route=\/wp\/v2\/posts\/8114\/revisions\/8228"}],"wp:attachment":[{"href":"http:\/\/fichero.veterinariaudec.cl\/concepcion\/index.php?rest_route=%2Fwp%2Fv2%2Fmedia&parent=8114"}],"wp:term":[{"taxonomy":"category","embeddable":true,"href":"http:\/\/fichero.veterinariaudec.cl\/concepcion\/index.php?rest_route=%2Fwp%2Fv2%2Fcategories&post=8114"},{"taxonomy":"post_tag","embeddable":true,"href":"http:\/\/fichero.veterinariaudec.cl\/concepcion\/index.php?rest_route=%2Fwp%2Fv2%2Ftags&post=8114"}],"curies":[{"name":"wp","href":"https:\/\/api.w.org\/{rel}","templated":true}]}}