{"id":8036,"date":"2025-12-09T16:55:52","date_gmt":"2025-12-09T19:55:52","guid":{"rendered":"http:\/\/fichero.veterinariaudec.cl\/concepcion\/?p=8036"},"modified":"2025-12-09T16:57:52","modified_gmt":"2025-12-09T19:57:52","slug":"cierre-de-recepcion-de-expedientes-18-de-diciembre","status":"publish","type":"post","link":"http:\/\/fichero.veterinariaudec.cl\/concepcion\/?p=8036","title":{"rendered":"Cierre de Recepci\u00f3n de Expedientes: 15 de diciembre"},"content":{"rendered":"<p><strong>Estimados(as) Titulados(as):<\/strong><\/p>\n<p>Se informa que\u00a0<strong>hasta el d\u00eda lunes 15 de diciembre<\/strong>\u00a0se recibir\u00e1n los\u00a0<strong>Expedientes de Titulaci\u00f3n completos<\/strong>\u00a0para quienes deseen participar en la\u00a0<strong>Ceremonia de Titulaci\u00f3n<\/strong>\u00a0que se realizar\u00e1 en el mes de\u00a0<strong>enero pr\u00f3ximo<\/strong>.<\/p>\n<p>Recuerde que el expediente debe incluir\u00a0<strong>todos los documentos digitalizados requeridos.<\/strong><\/p>\n<p>Para m\u00e1s informaci\u00f3n sobre los documentos y requisitos, comun\u00edquese con Secretar\u00eda Acad\u00e9mica.<\/p>\n<p>Contacto:<\/p>\n<p>41-2207372<\/p>\n<p>secrevetccp@udec.cl<\/p>\n<p><strong>Atentamente,<\/strong><br \/>\nSecretar\u00eda Acad\u00e9mica<\/p>\n","protected":false},"excerpt":{"rendered":"<p>Estimados(as) Titulados(as): Se informa que\u00a0hasta el d\u00eda lunes 15 de diciembre\u00a0se recibir\u00e1n los\u00a0Expedientes de Titulaci\u00f3n completos\u00a0para quienes deseen participar en la\u00a0Ceremonia de Titulaci\u00f3n\u00a0que se realizar\u00e1 en el mes de\u00a0enero pr\u00f3ximo. Recuerde que el expediente debe incluir\u00a0todos los documentos digitalizados requeridos. Para m\u00e1s informaci\u00f3n sobre los documentos y requisitos, comun\u00edquese con Secretar\u00eda Acad\u00e9mica. Contacto: 41-2207372 secrevetccp@udec.cl [&hellip;]<\/p>\n","protected":false},"author":7,"featured_media":0,"comment_status":"closed","ping_status":"closed","sticky":false,"template":"","format":"standard","meta":{"footnotes":""},"categories":[1],"tags":[],"class_list":["post-8036","post","type-post","status-publish","format-standard","hentry","category-sin-categoria"],"_links":{"self":[{"href":"http:\/\/fichero.veterinariaudec.cl\/concepcion\/index.php?rest_route=\/wp\/v2\/posts\/8036","targetHints":{"allow":["GET"]}}],"collection":[{"href":"http:\/\/fichero.veterinariaudec.cl\/concepcion\/index.php?rest_route=\/wp\/v2\/posts"}],"about":[{"href":"http:\/\/fichero.veterinariaudec.cl\/concepcion\/index.php?rest_route=\/wp\/v2\/types\/post"}],"author":[{"embeddable":true,"href":"http:\/\/fichero.veterinariaudec.cl\/concepcion\/index.php?rest_route=\/wp\/v2\/users\/7"}],"replies":[{"embeddable":true,"href":"http:\/\/fichero.veterinariaudec.cl\/concepcion\/index.php?rest_route=%2Fwp%2Fv2%2Fcomments&post=8036"}],"version-history":[{"count":3,"href":"http:\/\/fichero.veterinariaudec.cl\/concepcion\/index.php?rest_route=\/wp\/v2\/posts\/8036\/revisions"}],"predecessor-version":[{"id":8039,"href":"http:\/\/fichero.veterinariaudec.cl\/concepcion\/index.php?rest_route=\/wp\/v2\/posts\/8036\/revisions\/8039"}],"wp:attachment":[{"href":"http:\/\/fichero.veterinariaudec.cl\/concepcion\/index.php?rest_route=%2Fwp%2Fv2%2Fmedia&parent=8036"}],"wp:term":[{"taxonomy":"category","embeddable":true,"href":"http:\/\/fichero.veterinariaudec.cl\/concepcion\/index.php?rest_route=%2Fwp%2Fv2%2Fcategories&post=8036"},{"taxonomy":"post_tag","embeddable":true,"href":"http:\/\/fichero.veterinariaudec.cl\/concepcion\/index.php?rest_route=%2Fwp%2Fv2%2Ftags&post=8036"}],"curies":[{"name":"wp","href":"https:\/\/api.w.org\/{rel}","templated":true}]}}