{"id":8028,"date":"2025-12-09T16:45:01","date_gmt":"2025-12-09T19:45:01","guid":{"rendered":"http:\/\/fichero.veterinariaudec.cl\/concepcion\/?p=8028"},"modified":"2025-12-09T16:54:08","modified_gmt":"2025-12-09T19:54:08","slug":"ceremonia-titulacion-2025","status":"publish","type":"post","link":"http:\/\/fichero.veterinariaudec.cl\/concepcion\/?p=8028","title":{"rendered":"CEREMONIA TITULACION 2025"},"content":{"rendered":"<p>Se informa que la Ceremonia de Titulaci\u00f3n 2025 se realizar\u00e1 el d\u00eda jueves 22 de enero a las 11:00 horas en el Audit\u00f3rium de la Facultad de Ciencias Sociales.<\/p>\n<p>Se envira por email las invitaciones a los interesados.<\/p>\n<p>Secretaria Academica<\/p>\n","protected":false},"excerpt":{"rendered":"<p>Se informa que la Ceremonia de Titulaci\u00f3n 2025 se realizar\u00e1 el d\u00eda jueves 22 de enero a las 11:00 horas en el Audit\u00f3rium de la Facultad de Ciencias Sociales. Se envira por email las invitaciones a los interesados. Secretaria Academica<\/p>\n","protected":false},"author":7,"featured_media":0,"comment_status":"closed","ping_status":"closed","sticky":false,"template":"","format":"standard","meta":{"footnotes":""},"categories":[1],"tags":[],"class_list":["post-8028","post","type-post","status-publish","format-standard","hentry","category-sin-categoria"],"_links":{"self":[{"href":"http:\/\/fichero.veterinariaudec.cl\/concepcion\/index.php?rest_route=\/wp\/v2\/posts\/8028","targetHints":{"allow":["GET"]}}],"collection":[{"href":"http:\/\/fichero.veterinariaudec.cl\/concepcion\/index.php?rest_route=\/wp\/v2\/posts"}],"about":[{"href":"http:\/\/fichero.veterinariaudec.cl\/concepcion\/index.php?rest_route=\/wp\/v2\/types\/post"}],"author":[{"embeddable":true,"href":"http:\/\/fichero.veterinariaudec.cl\/concepcion\/index.php?rest_route=\/wp\/v2\/users\/7"}],"replies":[{"embeddable":true,"href":"http:\/\/fichero.veterinariaudec.cl\/concepcion\/index.php?rest_route=%2Fwp%2Fv2%2Fcomments&post=8028"}],"version-history":[{"count":3,"href":"http:\/\/fichero.veterinariaudec.cl\/concepcion\/index.php?rest_route=\/wp\/v2\/posts\/8028\/revisions"}],"predecessor-version":[{"id":8035,"href":"http:\/\/fichero.veterinariaudec.cl\/concepcion\/index.php?rest_route=\/wp\/v2\/posts\/8028\/revisions\/8035"}],"wp:attachment":[{"href":"http:\/\/fichero.veterinariaudec.cl\/concepcion\/index.php?rest_route=%2Fwp%2Fv2%2Fmedia&parent=8028"}],"wp:term":[{"taxonomy":"category","embeddable":true,"href":"http:\/\/fichero.veterinariaudec.cl\/concepcion\/index.php?rest_route=%2Fwp%2Fv2%2Fcategories&post=8028"},{"taxonomy":"post_tag","embeddable":true,"href":"http:\/\/fichero.veterinariaudec.cl\/concepcion\/index.php?rest_route=%2Fwp%2Fv2%2Ftags&post=8028"}],"curies":[{"name":"wp","href":"https:\/\/api.w.org\/{rel}","templated":true}]}}