{"id":7950,"date":"2025-10-17T12:38:52","date_gmt":"2025-10-17T15:38:52","guid":{"rendered":"http:\/\/fichero.veterinariaudec.cl\/concepcion\/?p=7950"},"modified":"2025-10-17T12:44:33","modified_gmt":"2025-10-17T15:44:33","slug":"pendientes-de-imageologia","status":"publish","type":"post","link":"http:\/\/fichero.veterinariaudec.cl\/concepcion\/?p=7950","title":{"rendered":"PENDIENTES DE IMAGENOLOG\u00cdA"},"content":{"rendered":"<p>Se informa qu los pendientes de imagenolog\u00eda se realizar\u00e1<\/p>\n<p>en la sala MV-2 a las 13:00 hrs.<\/p>\n<p>Atte.,<\/p>\n<p>Jannett Zapata O.<\/p>\n<p>Secretaria Decanato<\/p>\n<p>&nbsp;<\/p>\n","protected":false},"excerpt":{"rendered":"<p>Se informa qu los pendientes de imagenolog\u00eda se realizar\u00e1 en la sala MV-2 a las 13:00 hrs. Atte., Jannett Zapata O. Secretaria Decanato &nbsp;<\/p>\n","protected":false},"author":1,"featured_media":0,"comment_status":"closed","ping_status":"closed","sticky":false,"template":"","format":"standard","meta":{"footnotes":""},"categories":[1],"tags":[],"class_list":["post-7950","post","type-post","status-publish","format-standard","hentry","category-sin-categoria"],"_links":{"self":[{"href":"http:\/\/fichero.veterinariaudec.cl\/concepcion\/index.php?rest_route=\/wp\/v2\/posts\/7950","targetHints":{"allow":["GET"]}}],"collection":[{"href":"http:\/\/fichero.veterinariaudec.cl\/concepcion\/index.php?rest_route=\/wp\/v2\/posts"}],"about":[{"href":"http:\/\/fichero.veterinariaudec.cl\/concepcion\/index.php?rest_route=\/wp\/v2\/types\/post"}],"author":[{"embeddable":true,"href":"http:\/\/fichero.veterinariaudec.cl\/concepcion\/index.php?rest_route=\/wp\/v2\/users\/1"}],"replies":[{"embeddable":true,"href":"http:\/\/fichero.veterinariaudec.cl\/concepcion\/index.php?rest_route=%2Fwp%2Fv2%2Fcomments&post=7950"}],"version-history":[{"count":2,"href":"http:\/\/fichero.veterinariaudec.cl\/concepcion\/index.php?rest_route=\/wp\/v2\/posts\/7950\/revisions"}],"predecessor-version":[{"id":7952,"href":"http:\/\/fichero.veterinariaudec.cl\/concepcion\/index.php?rest_route=\/wp\/v2\/posts\/7950\/revisions\/7952"}],"wp:attachment":[{"href":"http:\/\/fichero.veterinariaudec.cl\/concepcion\/index.php?rest_route=%2Fwp%2Fv2%2Fmedia&parent=7950"}],"wp:term":[{"taxonomy":"category","embeddable":true,"href":"http:\/\/fichero.veterinariaudec.cl\/concepcion\/index.php?rest_route=%2Fwp%2Fv2%2Fcategories&post=7950"},{"taxonomy":"post_tag","embeddable":true,"href":"http:\/\/fichero.veterinariaudec.cl\/concepcion\/index.php?rest_route=%2Fwp%2Fv2%2Ftags&post=7950"}],"curies":[{"name":"wp","href":"https:\/\/api.w.org\/{rel}","templated":true}]}}