{"id":7939,"date":"2025-09-24T17:19:06","date_gmt":"2025-09-24T20:19:06","guid":{"rendered":"http:\/\/fichero.veterinariaudec.cl\/concepcion\/?p=7939"},"modified":"2025-09-24T17:19:06","modified_gmt":"2025-09-24T20:19:06","slug":"alumnos-de-cuarto-quinto-y-titulos","status":"publish","type":"post","link":"http:\/\/fichero.veterinariaudec.cl\/concepcion\/?p=7939","title":{"rendered":"ALUMNOS DE CUARTO, QUINTO Y TITULOS"},"content":{"rendered":"<p>Estimados Alumnos y Ex alumnos:<\/p>\n<p>Tenemos el agrado de comunicar que para los alumnos y ex alumnos de la Universidad de Concepci\u00f3n tiene 20 % de descuento para poder asistir al CONGRESO\u00a0ORTOVETEXPERTCHILE que se llevara a cabo en Santiago los d\u00edas 27,28 y 29 de noviembre en el hotel Torre Mayor.<\/p>\n<p><a href=\"http:\/\/fichero.veterinariaudec.cl\/concepcion\/wp-content\/uploads\/2025\/09\/Descuento-.jpg\"><img loading=\"lazy\" decoding=\"async\" class=\"alignnone size-full wp-image-7941\" src=\"http:\/\/fichero.veterinariaudec.cl\/concepcion\/wp-content\/uploads\/2025\/09\/Descuento-.jpg\" alt=\"\" width=\"1024\" height=\"1280\" srcset=\"http:\/\/fichero.veterinariaudec.cl\/concepcion\/wp-content\/uploads\/2025\/09\/Descuento-.jpg 1024w, http:\/\/fichero.veterinariaudec.cl\/concepcion\/wp-content\/uploads\/2025\/09\/Descuento--240x300.jpg 240w, http:\/\/fichero.veterinariaudec.cl\/concepcion\/wp-content\/uploads\/2025\/09\/Descuento--768x960.jpg 768w, http:\/\/fichero.veterinariaudec.cl\/concepcion\/wp-content\/uploads\/2025\/09\/Descuento--819x1024.jpg 819w\" sizes=\"auto, (max-width: 1024px) 100vw, 1024px\" \/><\/a><\/p>\n<p>Atte.,<\/p>\n<p>Secretar\u00eda Acad\u00e9mica<\/p>\n<p>&nbsp;<\/p>\n","protected":false},"excerpt":{"rendered":"<p>Estimados Alumnos y Ex alumnos: Tenemos el agrado de comunicar que para los alumnos y ex alumnos de la Universidad de Concepci\u00f3n tiene 20 % de descuento para poder asistir al CONGRESO\u00a0ORTOVETEXPERTCHILE que se llevara a cabo en Santiago los d\u00edas 27,28 y 29 de noviembre en el hotel Torre Mayor. Atte., Secretar\u00eda Acad\u00e9mica &nbsp;<\/p>\n","protected":false},"author":7,"featured_media":0,"comment_status":"closed","ping_status":"closed","sticky":false,"template":"","format":"standard","meta":{"footnotes":""},"categories":[1],"tags":[],"class_list":["post-7939","post","type-post","status-publish","format-standard","hentry","category-sin-categoria"],"_links":{"self":[{"href":"http:\/\/fichero.veterinariaudec.cl\/concepcion\/index.php?rest_route=\/wp\/v2\/posts\/7939","targetHints":{"allow":["GET"]}}],"collection":[{"href":"http:\/\/fichero.veterinariaudec.cl\/concepcion\/index.php?rest_route=\/wp\/v2\/posts"}],"about":[{"href":"http:\/\/fichero.veterinariaudec.cl\/concepcion\/index.php?rest_route=\/wp\/v2\/types\/post"}],"author":[{"embeddable":true,"href":"http:\/\/fichero.veterinariaudec.cl\/concepcion\/index.php?rest_route=\/wp\/v2\/users\/7"}],"replies":[{"embeddable":true,"href":"http:\/\/fichero.veterinariaudec.cl\/concepcion\/index.php?rest_route=%2Fwp%2Fv2%2Fcomments&post=7939"}],"version-history":[{"count":2,"href":"http:\/\/fichero.veterinariaudec.cl\/concepcion\/index.php?rest_route=\/wp\/v2\/posts\/7939\/revisions"}],"predecessor-version":[{"id":7942,"href":"http:\/\/fichero.veterinariaudec.cl\/concepcion\/index.php?rest_route=\/wp\/v2\/posts\/7939\/revisions\/7942"}],"wp:attachment":[{"href":"http:\/\/fichero.veterinariaudec.cl\/concepcion\/index.php?rest_route=%2Fwp%2Fv2%2Fmedia&parent=7939"}],"wp:term":[{"taxonomy":"category","embeddable":true,"href":"http:\/\/fichero.veterinariaudec.cl\/concepcion\/index.php?rest_route=%2Fwp%2Fv2%2Fcategories&post=7939"},{"taxonomy":"post_tag","embeddable":true,"href":"http:\/\/fichero.veterinariaudec.cl\/concepcion\/index.php?rest_route=%2Fwp%2Fv2%2Ftags&post=7939"}],"curies":[{"name":"wp","href":"https:\/\/api.w.org\/{rel}","templated":true}]}}