{"id":722,"date":"2015-08-18T10:42:21","date_gmt":"2015-08-18T13:42:21","guid":{"rendered":"http:\/\/fichero.veterinariaudec.cl\/concepcion\/?p=722"},"modified":"2015-08-18T11:21:17","modified_gmt":"2015-08-18T14:21:17","slug":"alumnos-en-general-41","status":"publish","type":"post","link":"http:\/\/fichero.veterinariaudec.cl\/concepcion\/?p=722","title":{"rendered":"ALUMNOS EN GENERAL"},"content":{"rendered":"<pre>Compa\u00f1eros y compa\u00f1eras, se cita a asamblea para ma\u00f1ana mi\u00e9rcoles a las 12 horas en  el auditorio de la facultad, los temas a tratar son:\r\n - Calendarizaci\u00f3n de certamen\u00e9s\r\n - Olimpiadas\r\n - Prestamos de libros\r\n - CGE\r\n - Delegaci\u00f3n semana vetera\r\n - Varios\r\n\r\nAtte.,\r\n\r\nCentro de Alumnos\r\n\r\n<\/pre>\n","protected":false},"excerpt":{"rendered":"<p>Compa\u00f1eros y compa\u00f1eras, se cita a asamblea para ma\u00f1ana mi\u00e9rcoles a las 12 horas en el auditorio de la facultad, los temas a tratar son: &#8211; Calendarizaci\u00f3n de certamen\u00e9s &#8211; Olimpiadas &#8211; Prestamos de libros &#8211; CGE &#8211; Delegaci\u00f3n semana vetera &#8211; Varios Atte., Centro de Alumnos<\/p>\n","protected":false},"author":7,"featured_media":0,"comment_status":"closed","ping_status":"closed","sticky":false,"template":"","format":"standard","meta":{"footnotes":""},"categories":[1],"tags":[],"class_list":["post-722","post","type-post","status-publish","format-standard","hentry","category-sin-categoria"],"_links":{"self":[{"href":"http:\/\/fichero.veterinariaudec.cl\/concepcion\/index.php?rest_route=\/wp\/v2\/posts\/722","targetHints":{"allow":["GET"]}}],"collection":[{"href":"http:\/\/fichero.veterinariaudec.cl\/concepcion\/index.php?rest_route=\/wp\/v2\/posts"}],"about":[{"href":"http:\/\/fichero.veterinariaudec.cl\/concepcion\/index.php?rest_route=\/wp\/v2\/types\/post"}],"author":[{"embeddable":true,"href":"http:\/\/fichero.veterinariaudec.cl\/concepcion\/index.php?rest_route=\/wp\/v2\/users\/7"}],"replies":[{"embeddable":true,"href":"http:\/\/fichero.veterinariaudec.cl\/concepcion\/index.php?rest_route=%2Fwp%2Fv2%2Fcomments&post=722"}],"version-history":[{"count":2,"href":"http:\/\/fichero.veterinariaudec.cl\/concepcion\/index.php?rest_route=\/wp\/v2\/posts\/722\/revisions"}],"predecessor-version":[{"id":724,"href":"http:\/\/fichero.veterinariaudec.cl\/concepcion\/index.php?rest_route=\/wp\/v2\/posts\/722\/revisions\/724"}],"wp:attachment":[{"href":"http:\/\/fichero.veterinariaudec.cl\/concepcion\/index.php?rest_route=%2Fwp%2Fv2%2Fmedia&parent=722"}],"wp:term":[{"taxonomy":"category","embeddable":true,"href":"http:\/\/fichero.veterinariaudec.cl\/concepcion\/index.php?rest_route=%2Fwp%2Fv2%2Fcategories&post=722"},{"taxonomy":"post_tag","embeddable":true,"href":"http:\/\/fichero.veterinariaudec.cl\/concepcion\/index.php?rest_route=%2Fwp%2Fv2%2Ftags&post=722"}],"curies":[{"name":"wp","href":"https:\/\/api.w.org\/{rel}","templated":true}]}}