{"id":5212,"date":"2019-12-19T16:27:21","date_gmt":"2019-12-19T19:27:21","guid":{"rendered":"http:\/\/fichero.veterinariaudec.cl\/concepcion\/?p=5212"},"modified":"2019-12-19T17:10:43","modified_gmt":"2019-12-19T20:10:43","slug":"oferta-de-trabajo","status":"publish","type":"post","link":"http:\/\/fichero.veterinariaudec.cl\/concepcion\/?p=5212","title":{"rendered":"OFERTA DE TRABAJO"},"content":{"rendered":"<hr \/>\n<p>El Servicio Agr\u00edcola y Ganadero requiere veterinarios reci\u00e9n titulados para cumplir actividades de inspecci\u00f3n en campos de pastoreo cordillerano, muestreo de enfermedades ex\u00f3ticas y trazabilidad animal.<\/p>\n<p>Dichas actividades comenzar\u00edan el 2 de enero hasta 30 de abril y desde 1 de octubre hasta 30 de diciembre dependiendo de la disponibilidad presupuestaria del a\u00f1o 2020.<\/p>\n<p>Comunicarse con el Dr. Miguel Guti\u00e9rrez Pi\u00f1a, M\u00e9dico Veterinario Encargado Sectorial<\/p>\n<p><b><span style=\"font-size: 9.0pt;\">Servicio Agr\u00edcola y Ganadero<\/span><\/b><\/p>\n<p><span style=\"font-size: 9.0pt;\">Brasil # 834, San Carlos, Regi\u00f3n de \u00d1uble<\/span><\/p>\n<p><span style=\"font-size: 9.0pt;\"><a href=\"mailto:miguel.gutierrez@sag.gob.cl\">miguel.gutierrez@sag.gob.cl<\/a><\/span><\/p>\n<p><span style=\"font-size: 9.0pt;\">(+56 2) 2411723<\/span><\/p>\n","protected":false},"excerpt":{"rendered":"<p>El Servicio Agr\u00edcola y Ganadero requiere veterinarios reci\u00e9n titulados para cumplir actividades de inspecci\u00f3n en campos de pastoreo cordillerano, muestreo de enfermedades ex\u00f3ticas y trazabilidad animal. Dichas actividades comenzar\u00edan el 2 de enero hasta 30 de abril y desde 1 de octubre hasta 30 de diciembre dependiendo de la disponibilidad presupuestaria del a\u00f1o 2020. Comunicarse [&hellip;]<\/p>\n","protected":false},"author":7,"featured_media":0,"comment_status":"closed","ping_status":"closed","sticky":false,"template":"","format":"standard","meta":{"footnotes":""},"categories":[1],"tags":[],"class_list":["post-5212","post","type-post","status-publish","format-standard","hentry","category-sin-categoria"],"_links":{"self":[{"href":"http:\/\/fichero.veterinariaudec.cl\/concepcion\/index.php?rest_route=\/wp\/v2\/posts\/5212","targetHints":{"allow":["GET"]}}],"collection":[{"href":"http:\/\/fichero.veterinariaudec.cl\/concepcion\/index.php?rest_route=\/wp\/v2\/posts"}],"about":[{"href":"http:\/\/fichero.veterinariaudec.cl\/concepcion\/index.php?rest_route=\/wp\/v2\/types\/post"}],"author":[{"embeddable":true,"href":"http:\/\/fichero.veterinariaudec.cl\/concepcion\/index.php?rest_route=\/wp\/v2\/users\/7"}],"replies":[{"embeddable":true,"href":"http:\/\/fichero.veterinariaudec.cl\/concepcion\/index.php?rest_route=%2Fwp%2Fv2%2Fcomments&post=5212"}],"version-history":[{"count":1,"href":"http:\/\/fichero.veterinariaudec.cl\/concepcion\/index.php?rest_route=\/wp\/v2\/posts\/5212\/revisions"}],"predecessor-version":[{"id":5213,"href":"http:\/\/fichero.veterinariaudec.cl\/concepcion\/index.php?rest_route=\/wp\/v2\/posts\/5212\/revisions\/5213"}],"wp:attachment":[{"href":"http:\/\/fichero.veterinariaudec.cl\/concepcion\/index.php?rest_route=%2Fwp%2Fv2%2Fmedia&parent=5212"}],"wp:term":[{"taxonomy":"category","embeddable":true,"href":"http:\/\/fichero.veterinariaudec.cl\/concepcion\/index.php?rest_route=%2Fwp%2Fv2%2Fcategories&post=5212"},{"taxonomy":"post_tag","embeddable":true,"href":"http:\/\/fichero.veterinariaudec.cl\/concepcion\/index.php?rest_route=%2Fwp%2Fv2%2Ftags&post=5212"}],"curies":[{"name":"wp","href":"https:\/\/api.w.org\/{rel}","templated":true}]}}