{"id":472,"date":"2015-06-15T15:32:57","date_gmt":"2015-06-15T18:32:57","guid":{"rendered":"http:\/\/fichero.veterinariaudec.cl\/concepcion\/?p=472"},"modified":"2015-06-16T11:29:52","modified_gmt":"2015-06-16T14:29:52","slug":"alumnos-en-general-29","status":"publish","type":"post","link":"http:\/\/fichero.veterinariaudec.cl\/concepcion\/?p=472","title":{"rendered":"SE CITA A ASAMBLEA EXTRAORDINARIA PARA MA\u00d1ANA MARTES 16 de Junio"},"content":{"rendered":"<p>Compa\u00f1er@s, los invitamos a participar de la primera asamblea organizada por el CAAMV 2015, esta ser\u00e1 ma\u00f1ana Martes 16 de junio \u00a0a las 13:00 hrs en la sala MV-1 debido a que el d\u00eda mi\u00e9rcoles en horario de asamblea se realizar\u00e1 la primera actividad hecha por el caamv (CHARLA APICULTURA). La tabla para ma\u00f1ana consta de:<\/p>\n<p>*Presentaci\u00f3n Centro de alumnos y entrega informativa CAAMV 2014<\/p>\n<p>*Presentaci\u00f3n delegaci\u00f3n MESA BBAA Y MEDIO AMBIENTE<\/p>\n<p>*DELEGADOS DE CURSO<\/p>\n<p>*1ros proyectos a\u00f1o 2015<\/p>\n<p>*PARO NACIONAL JUEVES 18 de JUNIO (discusi\u00f3n y VOTACI\u00d3N) &#8221;<\/p>\n<p>&nbsp;<\/p>\n<p>Desde ya muchas gracias,<\/p>\n<p>&nbsp;<\/p>\n<p>Centro de alumnos Medicina Veterinaria 2015-2016 Universidad de Concepci\u00f3n Facultad de Ciencias Veterinarias Medicina Veterinaria Escuela Concepci\u00f3n<\/p>\n","protected":false},"excerpt":{"rendered":"<p>Compa\u00f1er@s, los invitamos a participar de la primera asamblea organizada por el CAAMV 2015, esta ser\u00e1 ma\u00f1ana Martes 16 de junio \u00a0a las 13:00 hrs en la sala MV-1 debido a que el d\u00eda mi\u00e9rcoles en horario de asamblea se realizar\u00e1 la primera actividad hecha por el caamv (CHARLA APICULTURA). La tabla para ma\u00f1ana consta [&hellip;]<\/p>\n","protected":false},"author":7,"featured_media":0,"comment_status":"closed","ping_status":"closed","sticky":false,"template":"","format":"standard","meta":{"footnotes":""},"categories":[1],"tags":[],"class_list":["post-472","post","type-post","status-publish","format-standard","hentry","category-sin-categoria"],"_links":{"self":[{"href":"http:\/\/fichero.veterinariaudec.cl\/concepcion\/index.php?rest_route=\/wp\/v2\/posts\/472","targetHints":{"allow":["GET"]}}],"collection":[{"href":"http:\/\/fichero.veterinariaudec.cl\/concepcion\/index.php?rest_route=\/wp\/v2\/posts"}],"about":[{"href":"http:\/\/fichero.veterinariaudec.cl\/concepcion\/index.php?rest_route=\/wp\/v2\/types\/post"}],"author":[{"embeddable":true,"href":"http:\/\/fichero.veterinariaudec.cl\/concepcion\/index.php?rest_route=\/wp\/v2\/users\/7"}],"replies":[{"embeddable":true,"href":"http:\/\/fichero.veterinariaudec.cl\/concepcion\/index.php?rest_route=%2Fwp%2Fv2%2Fcomments&post=472"}],"version-history":[{"count":4,"href":"http:\/\/fichero.veterinariaudec.cl\/concepcion\/index.php?rest_route=\/wp\/v2\/posts\/472\/revisions"}],"predecessor-version":[{"id":476,"href":"http:\/\/fichero.veterinariaudec.cl\/concepcion\/index.php?rest_route=\/wp\/v2\/posts\/472\/revisions\/476"}],"wp:attachment":[{"href":"http:\/\/fichero.veterinariaudec.cl\/concepcion\/index.php?rest_route=%2Fwp%2Fv2%2Fmedia&parent=472"}],"wp:term":[{"taxonomy":"category","embeddable":true,"href":"http:\/\/fichero.veterinariaudec.cl\/concepcion\/index.php?rest_route=%2Fwp%2Fv2%2Fcategories&post=472"},{"taxonomy":"post_tag","embeddable":true,"href":"http:\/\/fichero.veterinariaudec.cl\/concepcion\/index.php?rest_route=%2Fwp%2Fv2%2Ftags&post=472"}],"curies":[{"name":"wp","href":"https:\/\/api.w.org\/{rel}","templated":true}]}}