{"id":3532,"date":"2018-03-14T17:36:21","date_gmt":"2018-03-14T20:36:21","guid":{"rendered":"http:\/\/fichero.veterinariaudec.cl\/concepcion\/?p=3532"},"modified":"2018-03-14T18:00:13","modified_gmt":"2018-03-14T21:00:13","slug":"alumnos-imagenologia-2","status":"publish","type":"post","link":"http:\/\/fichero.veterinariaudec.cl\/concepcion\/?p=3532","title":{"rendered":"ALUMNOS IMAGENOLOG\u00cdA"},"content":{"rendered":"<p>Estimados Alumnos<\/p>\n<p>Se informa que las clases comenzaran el pr\u00f3ximo jueves 22 de marzo a las 15:15 hrs en la Sala de Reuniones<\/p>\n<p>&nbsp;<\/p>\n<p>Atte.,<\/p>\n<p>&nbsp;<\/p>\n<p>Secretar\u00eda Acad\u00e9mica<\/p>\n","protected":false},"excerpt":{"rendered":"<p>Estimados Alumnos Se informa que las clases comenzaran el pr\u00f3ximo jueves 22 de marzo a las 15:15 hrs en la Sala de Reuniones &nbsp; Atte., &nbsp; Secretar\u00eda Acad\u00e9mica<\/p>\n","protected":false},"author":7,"featured_media":0,"comment_status":"closed","ping_status":"closed","sticky":false,"template":"","format":"standard","meta":{"footnotes":""},"categories":[1],"tags":[],"class_list":["post-3532","post","type-post","status-publish","format-standard","hentry","category-sin-categoria"],"_links":{"self":[{"href":"http:\/\/fichero.veterinariaudec.cl\/concepcion\/index.php?rest_route=\/wp\/v2\/posts\/3532","targetHints":{"allow":["GET"]}}],"collection":[{"href":"http:\/\/fichero.veterinariaudec.cl\/concepcion\/index.php?rest_route=\/wp\/v2\/posts"}],"about":[{"href":"http:\/\/fichero.veterinariaudec.cl\/concepcion\/index.php?rest_route=\/wp\/v2\/types\/post"}],"author":[{"embeddable":true,"href":"http:\/\/fichero.veterinariaudec.cl\/concepcion\/index.php?rest_route=\/wp\/v2\/users\/7"}],"replies":[{"embeddable":true,"href":"http:\/\/fichero.veterinariaudec.cl\/concepcion\/index.php?rest_route=%2Fwp%2Fv2%2Fcomments&post=3532"}],"version-history":[{"count":1,"href":"http:\/\/fichero.veterinariaudec.cl\/concepcion\/index.php?rest_route=\/wp\/v2\/posts\/3532\/revisions"}],"predecessor-version":[{"id":3533,"href":"http:\/\/fichero.veterinariaudec.cl\/concepcion\/index.php?rest_route=\/wp\/v2\/posts\/3532\/revisions\/3533"}],"wp:attachment":[{"href":"http:\/\/fichero.veterinariaudec.cl\/concepcion\/index.php?rest_route=%2Fwp%2Fv2%2Fmedia&parent=3532"}],"wp:term":[{"taxonomy":"category","embeddable":true,"href":"http:\/\/fichero.veterinariaudec.cl\/concepcion\/index.php?rest_route=%2Fwp%2Fv2%2Fcategories&post=3532"},{"taxonomy":"post_tag","embeddable":true,"href":"http:\/\/fichero.veterinariaudec.cl\/concepcion\/index.php?rest_route=%2Fwp%2Fv2%2Ftags&post=3532"}],"curies":[{"name":"wp","href":"https:\/\/api.w.org\/{rel}","templated":true}]}}