{"id":2177,"date":"2016-11-23T17:38:18","date_gmt":"2016-11-23T20:38:18","guid":{"rendered":"http:\/\/fichero.veterinariaudec.cl\/concepcion\/?p=2177"},"modified":"2016-11-23T17:38:18","modified_gmt":"2016-11-23T20:38:18","slug":"oferta-laboral-titulados","status":"publish","type":"post","link":"http:\/\/fichero.veterinariaudec.cl\/concepcion\/?p=2177","title":{"rendered":"OFERTA LABORAL TITULADOS"},"content":{"rendered":"<p>Farmacia veterinaria de la zona, busca m\u00e9dicos veterinarios para trabajar en el centro de Concepci\u00f3n.<\/p>\n<p>&nbsp;<\/p>\n<p><u>Como principales funciones se encuentran:<br \/>\n<\/u>&#8211; Responsable de atenci\u00f3n t\u00e9cnica de la farmacia y de ventas que se generen por consultas veterinarias y otras.<br \/>\n&#8211; Recibir y ordenar mercader\u00eda<br \/>\n&#8211; Otros, como mantener local ordenado y en buenas condiciones de higiene.<br \/>\nPrincipales Requisitos:<br \/>\n&#8211; Excluyente: Experiencia m\u00ednima de 2 a\u00f1os en el \u00e1rea cl\u00ednica (atenci\u00f3n a animales menores)<br \/>\n&#8211; Deseable experiencia en venta de productos veterinarios<br \/>\n&#8211; Orientaci\u00f3n de servicio al cliente, proactividad, capacidad de trabajo en grupo, respeto hacia la jerarqu\u00eda y buena capacidad de trabajo bajo presi\u00f3n.<br \/>\nCondiciones:<br \/>\n&#8211; Horario (conversable): Lunes a s\u00e1bado. Media jornada.<br \/>\n&#8211; Sueldo: Honorarios, variable seg\u00fan ventas y atenciones.<br \/>\nEnviar CV a correo electr\u00f3nico:\u00a0amatusberatto@gmail.com<\/p>\n","protected":false},"excerpt":{"rendered":"<p>Farmacia veterinaria de la zona, busca m\u00e9dicos veterinarios para trabajar en el centro de Concepci\u00f3n. &nbsp; Como principales funciones se encuentran: &#8211; Responsable de atenci\u00f3n t\u00e9cnica de la farmacia y de ventas que se generen por consultas veterinarias y otras. &#8211; Recibir y ordenar mercader\u00eda &#8211; Otros, como mantener local ordenado y en buenas condiciones [&hellip;]<\/p>\n","protected":false},"author":7,"featured_media":0,"comment_status":"closed","ping_status":"closed","sticky":false,"template":"","format":"standard","meta":{"footnotes":""},"categories":[1],"tags":[],"class_list":["post-2177","post","type-post","status-publish","format-standard","hentry","category-sin-categoria"],"_links":{"self":[{"href":"http:\/\/fichero.veterinariaudec.cl\/concepcion\/index.php?rest_route=\/wp\/v2\/posts\/2177","targetHints":{"allow":["GET"]}}],"collection":[{"href":"http:\/\/fichero.veterinariaudec.cl\/concepcion\/index.php?rest_route=\/wp\/v2\/posts"}],"about":[{"href":"http:\/\/fichero.veterinariaudec.cl\/concepcion\/index.php?rest_route=\/wp\/v2\/types\/post"}],"author":[{"embeddable":true,"href":"http:\/\/fichero.veterinariaudec.cl\/concepcion\/index.php?rest_route=\/wp\/v2\/users\/7"}],"replies":[{"embeddable":true,"href":"http:\/\/fichero.veterinariaudec.cl\/concepcion\/index.php?rest_route=%2Fwp%2Fv2%2Fcomments&post=2177"}],"version-history":[{"count":1,"href":"http:\/\/fichero.veterinariaudec.cl\/concepcion\/index.php?rest_route=\/wp\/v2\/posts\/2177\/revisions"}],"predecessor-version":[{"id":2178,"href":"http:\/\/fichero.veterinariaudec.cl\/concepcion\/index.php?rest_route=\/wp\/v2\/posts\/2177\/revisions\/2178"}],"wp:attachment":[{"href":"http:\/\/fichero.veterinariaudec.cl\/concepcion\/index.php?rest_route=%2Fwp%2Fv2%2Fmedia&parent=2177"}],"wp:term":[{"taxonomy":"category","embeddable":true,"href":"http:\/\/fichero.veterinariaudec.cl\/concepcion\/index.php?rest_route=%2Fwp%2Fv2%2Fcategories&post=2177"},{"taxonomy":"post_tag","embeddable":true,"href":"http:\/\/fichero.veterinariaudec.cl\/concepcion\/index.php?rest_route=%2Fwp%2Fv2%2Ftags&post=2177"}],"curies":[{"name":"wp","href":"https:\/\/api.w.org\/{rel}","templated":true}]}}