{"id":544,"date":"2016-10-14T12:23:57","date_gmt":"2016-10-14T12:23:57","guid":{"rendered":"http:\/\/fichero.veterinariaudec.cl\/chillan\/?p=544"},"modified":"2016-10-14T12:23:57","modified_gmt":"2016-10-14T12:23:57","slug":"curso-de-salud","status":"publish","type":"post","link":"http:\/\/fichero.veterinariaudec.cl\/chillan\/?p=544","title":{"rendered":"CURSO DE SALUD"},"content":{"rendered":"<p>Estimados Alumnos:<\/p>\n<p>En adjunto se envia informaci\u00f3n del Curso de Salud que se realizar\u00e1 el 04 de noviembre.<\/p>\n<p><img loading=\"lazy\" decoding=\"async\" class=\"alignnone size-medium wp-image-545\" src=\"http:\/\/fichero.veterinariaudec.cl\/chillan\/wp-content\/uploads\/2016\/10\/Celebremos-junto-el-d\u00eda-mundial-de-una-salud-212x300.jpg\" alt=\"Celebremos junto el d\u00eda mundial de una salud\" width=\"212\" height=\"300\" srcset=\"http:\/\/fichero.veterinariaudec.cl\/chillan\/wp-content\/uploads\/2016\/10\/Celebremos-junto-el-d\u00eda-mundial-de-una-salud-212x300.jpg 212w, http:\/\/fichero.veterinariaudec.cl\/chillan\/wp-content\/uploads\/2016\/10\/Celebremos-junto-el-d\u00eda-mundial-de-una-salud.jpg 552w\" sizes=\"auto, (max-width: 212px) 100vw, 212px\" \/><\/p>\n<p>Atte.,<\/p>\n<p>Secretaria Acad\u00e9mica<\/p>\n","protected":false},"excerpt":{"rendered":"<p>Estimados Alumnos: En adjunto se envia informaci\u00f3n del Curso de Salud que se realizar\u00e1 el 04 de noviembre. Atte., Secretaria Acad\u00e9mica<\/p>\n","protected":false},"author":5,"featured_media":0,"comment_status":"closed","ping_status":"open","sticky":false,"template":"","format":"standard","meta":{"footnotes":""},"categories":[1],"tags":[],"class_list":["post-544","post","type-post","status-publish","format-standard","hentry","category-sin-categoria"],"_links":{"self":[{"href":"http:\/\/fichero.veterinariaudec.cl\/chillan\/index.php?rest_route=\/wp\/v2\/posts\/544","targetHints":{"allow":["GET"]}}],"collection":[{"href":"http:\/\/fichero.veterinariaudec.cl\/chillan\/index.php?rest_route=\/wp\/v2\/posts"}],"about":[{"href":"http:\/\/fichero.veterinariaudec.cl\/chillan\/index.php?rest_route=\/wp\/v2\/types\/post"}],"author":[{"embeddable":true,"href":"http:\/\/fichero.veterinariaudec.cl\/chillan\/index.php?rest_route=\/wp\/v2\/users\/5"}],"replies":[{"embeddable":true,"href":"http:\/\/fichero.veterinariaudec.cl\/chillan\/index.php?rest_route=%2Fwp%2Fv2%2Fcomments&post=544"}],"version-history":[{"count":1,"href":"http:\/\/fichero.veterinariaudec.cl\/chillan\/index.php?rest_route=\/wp\/v2\/posts\/544\/revisions"}],"predecessor-version":[{"id":546,"href":"http:\/\/fichero.veterinariaudec.cl\/chillan\/index.php?rest_route=\/wp\/v2\/posts\/544\/revisions\/546"}],"wp:attachment":[{"href":"http:\/\/fichero.veterinariaudec.cl\/chillan\/index.php?rest_route=%2Fwp%2Fv2%2Fmedia&parent=544"}],"wp:term":[{"taxonomy":"category","embeddable":true,"href":"http:\/\/fichero.veterinariaudec.cl\/chillan\/index.php?rest_route=%2Fwp%2Fv2%2Fcategories&post=544"},{"taxonomy":"post_tag","embeddable":true,"href":"http:\/\/fichero.veterinariaudec.cl\/chillan\/index.php?rest_route=%2Fwp%2Fv2%2Ftags&post=544"}],"curies":[{"name":"wp","href":"https:\/\/api.w.org\/{rel}","templated":true}]}}