{"id":3004,"date":"2026-03-11T18:58:44","date_gmt":"2026-03-11T18:58:44","guid":{"rendered":"http:\/\/fichero.veterinariaudec.cl\/chillan\/?p=3004"},"modified":"2026-03-11T18:58:44","modified_gmt":"2026-03-11T18:58:44","slug":"atencion-47","status":"publish","type":"post","link":"http:\/\/fichero.veterinariaudec.cl\/chillan\/?p=3004","title":{"rendered":"ATENCION"},"content":{"rendered":"<div class=\"\">\n<div class=\"wide-content-host\">\n<div class=\"uy30y\" tabindex=\"-1\">\n<div class=\"mT25S\">\n<div class=\"wnVEW\">\n<div class=\"w4BZ9\">\n<div data-test-id=\"mailMessageBodyContainer\">\n<div class=\"T31hC customScrollBar GNqVo allowTextSelection\">\n<div class=\"OuGoX BIZfh\" tabindex=\"0\" role=\"document\" aria-label=\"Cuerpo del mensaje\">\n<div>\n<div>\n<div dir=\"ltr\">\n<div>\n<div dir=\"ltr\">\n<div>\n<div><b data-olk-copy-source=\"MessageBody\">Invitaci\u00f3n:\u00a0<\/b><\/p>\n<div>\n<b>Estimad@ estudiante:<\/b><\/p>\n<p>Junto con saludar, te invitamos a participar en la charla<b>\u00a0\u201cActividades de BAYLAT y oportunidades de intercambio con Baviera\u201d<\/b>, instancia donde podr\u00e1s conocer las oportunidades de becas y movilidad acad\u00e9mica en universidades del estado de Baviera, Alemania.<\/p>\n<p>La presentaci\u00f3n estar\u00e1 a cargo de Ricardo Hagn, representante del Centro Universitario de Baviera para Am\u00e9rica Latina (BAYLAT), quien dar\u00e1 a conocer las oportunidades de estudio e intercambio que ofrece esta instituci\u00f3n.<\/p>\n<p><b>Fecha<\/b>: 17 de marzo<br \/>\n<b>Horario<\/b>: 15:30 \u2013 16:30 hrs<br \/>\n<b>Lugar<\/b>: Auditorio Juan Perell\u00f3, Facultad de Ciencias Qu\u00edmicas, Universidad de Concepci\u00f3n<\/p>\n<p>\u2794<b>Inscripci\u00f3n<\/b>:\u00a0<a title=\"https:\/\/forms.gle\/EMYeYV8Q68iKnAaH6\" href=\"https:\/\/forms.gle\/EMYeYV8Q68iKnAaH6\" data-auth=\"NotApplicable\" data-linkindex=\"0\">https:\/\/forms.gle\/EMYeYV8Q68iKnAaH6<\/a><\/p>\n<p>\u00a1Te esperamos!<br \/>\nSaludos cordiales.<\/p><\/div>\n<\/div>\n<\/div>\n<\/div>\n<\/div>\n<\/div>\n<\/div>\n<\/div>\n<\/div>\n<\/div>\n<\/div>\n<\/div>\n<\/div>\n<\/div>\n<\/div>\n<\/div>\n<\/div>\n<div>\n<div class=\"fui-FluentProvider fui-FluentProviderr93p ___5n94it0 f19n0e5 f3rmtva fgusgyc fk6fouc fkhj508 figsok6 fytdu2e\" dir=\"ltr\">\n<div class=\"wide-content-host\">\n<div id=\"focused\" class=\"SlLx9 WWy1F byzS1 WWy1F\" tabindex=\"-1\" aria-label=\"Mensaje de correo electr\u00f3nico\">\n<div class=\"uSg02\">\n<div class=\"DgV2h lAKmW\">\n<div class=\"x9jfA\">\n<div class=\"body-157\">\n<div class=\"ze1hM d9vCk\"><\/div>\n<\/div>\n<\/div>\n<\/div>\n<\/div>\n<\/div>\n<\/div>\n<\/div>\n<\/div>\n","protected":false},"excerpt":{"rendered":"<p>Invitaci\u00f3n:\u00a0 Estimad@ estudiante: Junto con saludar, te invitamos a participar en la charla\u00a0\u201cActividades de BAYLAT y oportunidades de intercambio con Baviera\u201d, instancia donde podr\u00e1s conocer las oportunidades de becas y movilidad acad\u00e9mica en universidades del estado de Baviera, Alemania. La presentaci\u00f3n estar\u00e1 a cargo de Ricardo Hagn, representante del Centro Universitario de Baviera para Am\u00e9rica [&hellip;]<\/p>\n","protected":false},"author":2,"featured_media":0,"comment_status":"closed","ping_status":"closed","sticky":false,"template":"","format":"standard","meta":{"footnotes":""},"categories":[1],"tags":[],"class_list":["post-3004","post","type-post","status-publish","format-standard","hentry","category-sin-categoria"],"_links":{"self":[{"href":"http:\/\/fichero.veterinariaudec.cl\/chillan\/index.php?rest_route=\/wp\/v2\/posts\/3004","targetHints":{"allow":["GET"]}}],"collection":[{"href":"http:\/\/fichero.veterinariaudec.cl\/chillan\/index.php?rest_route=\/wp\/v2\/posts"}],"about":[{"href":"http:\/\/fichero.veterinariaudec.cl\/chillan\/index.php?rest_route=\/wp\/v2\/types\/post"}],"author":[{"embeddable":true,"href":"http:\/\/fichero.veterinariaudec.cl\/chillan\/index.php?rest_route=\/wp\/v2\/users\/2"}],"replies":[{"embeddable":true,"href":"http:\/\/fichero.veterinariaudec.cl\/chillan\/index.php?rest_route=%2Fwp%2Fv2%2Fcomments&post=3004"}],"version-history":[{"count":1,"href":"http:\/\/fichero.veterinariaudec.cl\/chillan\/index.php?rest_route=\/wp\/v2\/posts\/3004\/revisions"}],"predecessor-version":[{"id":3005,"href":"http:\/\/fichero.veterinariaudec.cl\/chillan\/index.php?rest_route=\/wp\/v2\/posts\/3004\/revisions\/3005"}],"wp:attachment":[{"href":"http:\/\/fichero.veterinariaudec.cl\/chillan\/index.php?rest_route=%2Fwp%2Fv2%2Fmedia&parent=3004"}],"wp:term":[{"taxonomy":"category","embeddable":true,"href":"http:\/\/fichero.veterinariaudec.cl\/chillan\/index.php?rest_route=%2Fwp%2Fv2%2Fcategories&post=3004"},{"taxonomy":"post_tag","embeddable":true,"href":"http:\/\/fichero.veterinariaudec.cl\/chillan\/index.php?rest_route=%2Fwp%2Fv2%2Ftags&post=3004"}],"curies":[{"name":"wp","href":"https:\/\/api.w.org\/{rel}","templated":true}]}}