{"id":2782,"date":"2025-04-17T14:09:49","date_gmt":"2025-04-17T14:09:49","guid":{"rendered":"http:\/\/fichero.veterinariaudec.cl\/chillan\/?p=2782"},"modified":"2025-04-17T14:09:49","modified_gmt":"2025-04-17T14:09:49","slug":"atencion-alumnos-103","status":"publish","type":"post","link":"http:\/\/fichero.veterinariaudec.cl\/chillan\/?p=2782","title":{"rendered":"ATENCION ALUMNOS"},"content":{"rendered":"<div dir=\"ltr\">\n<p data-olk-copy-source=\"MessageBody\">\u00a0C<strong>onvocatoria para pr\u00e1cticas profesionales o pasant\u00edas\u00a0en Fundo Playa Venado.<\/strong><\/p>\n<h3><strong>CONVOCATORIA mayo-junio, junio-julio.\u00a0\u00a0<\/strong><\/h3>\n<p>Con una duraci\u00f3n m\u00ednima de\u00a0<strong>1 mes y medio a 2 meses<\/strong>.<\/p>\n<p>Esta pr\u00e1ctica es una excelente oportunidad para aprender y desarrollarse en un campo lechero en funcionamiento en el sur de Chile. Contamos con distintas \u00e1reas de trabajo:<\/p>\n<ul>\n<li>Producci\u00f3n lechera<\/li>\n<li>Crianza<\/li>\n<li>Huerto agroecol\u00f3gico<\/li>\n<li>Planta de l\u00e1cteos: producci\u00f3n de manjar y queso<\/li>\n<li>Agroturismo<\/li>\n<\/ul>\n<p>La pr\u00e1ctica incluye\u00a0<strong>alojamiento.<\/strong><\/p>\n<p>Quienes est\u00e9n interesados, pueden enviar su\u00a0<strong>CV al correo\u00a0<a rel=\"noopener\">practicaplayavenado@gmail.com<\/a><\/strong><\/p>\n<p>Quedamos muy\u00a0atentos a sus comentarios,<br \/>\nsaludos,<br \/>\n&#8212;<\/p>\n<\/div>\n<div dir=\"ltr\" data-smartmail=\"gmail_signature\">\n<div dir=\"ltr\">\n<div>\n<div>\n<div><b>Trinidad Romero Valente<\/b><\/div>\n<div>Equipo Turismo y Comunicaciones<\/div>\n<div>+56990200094<\/div>\n<div><a title=\"http:\/\/www.fundoplayavenado.cl\/\" href=\"http:\/\/www.fundoplayavenado.cl\/\" data-auth=\"NotApplicable\" data-linkindex=\"0\">www.fundoplayavenado.cl<\/a>\u00a0<a title=\"https:\/\/www.instagram.com\/fundoplayavenado\/\" href=\"https:\/\/www.instagram.com\/fundoplayavenado\/\" data-auth=\"NotApplicable\" data-linkindex=\"1\">@fundoplayavenado<\/a><\/div>\n<div><img loading=\"lazy\" decoding=\"async\" src=\"https:\/\/ci3.googleusercontent.com\/mail-sig\/AIorK4zHoHLvvJ9hHT2e1BuVudZ1euWn9eVskLfIqJT4hgWQCfqonNIyH582VWOAtuiUyEGlBgiuiYlHrnXl\" width=\"420\" height=\"117\" data-imagetype=\"External\" \/><\/div>\n<\/div>\n<\/div>\n<\/div>\n<\/div>\n","protected":false},"excerpt":{"rendered":"<p>\u00a0Convocatoria para pr\u00e1cticas profesionales o pasant\u00edas\u00a0en Fundo Playa Venado. CONVOCATORIA mayo-junio, junio-julio.\u00a0\u00a0 Con una duraci\u00f3n m\u00ednima de\u00a01 mes y medio a 2 meses. Esta pr\u00e1ctica es una excelente oportunidad para aprender y desarrollarse en un campo lechero en funcionamiento en el sur de Chile. Contamos con distintas \u00e1reas de trabajo: Producci\u00f3n lechera Crianza Huerto agroecol\u00f3gico [&hellip;]<\/p>\n","protected":false},"author":2,"featured_media":0,"comment_status":"closed","ping_status":"closed","sticky":false,"template":"","format":"standard","meta":{"footnotes":""},"categories":[3],"tags":[],"class_list":["post-2782","post","type-post","status-publish","format-standard","hentry","category-destacados"],"_links":{"self":[{"href":"http:\/\/fichero.veterinariaudec.cl\/chillan\/index.php?rest_route=\/wp\/v2\/posts\/2782","targetHints":{"allow":["GET"]}}],"collection":[{"href":"http:\/\/fichero.veterinariaudec.cl\/chillan\/index.php?rest_route=\/wp\/v2\/posts"}],"about":[{"href":"http:\/\/fichero.veterinariaudec.cl\/chillan\/index.php?rest_route=\/wp\/v2\/types\/post"}],"author":[{"embeddable":true,"href":"http:\/\/fichero.veterinariaudec.cl\/chillan\/index.php?rest_route=\/wp\/v2\/users\/2"}],"replies":[{"embeddable":true,"href":"http:\/\/fichero.veterinariaudec.cl\/chillan\/index.php?rest_route=%2Fwp%2Fv2%2Fcomments&post=2782"}],"version-history":[{"count":1,"href":"http:\/\/fichero.veterinariaudec.cl\/chillan\/index.php?rest_route=\/wp\/v2\/posts\/2782\/revisions"}],"predecessor-version":[{"id":2784,"href":"http:\/\/fichero.veterinariaudec.cl\/chillan\/index.php?rest_route=\/wp\/v2\/posts\/2782\/revisions\/2784"}],"wp:attachment":[{"href":"http:\/\/fichero.veterinariaudec.cl\/chillan\/index.php?rest_route=%2Fwp%2Fv2%2Fmedia&parent=2782"}],"wp:term":[{"taxonomy":"category","embeddable":true,"href":"http:\/\/fichero.veterinariaudec.cl\/chillan\/index.php?rest_route=%2Fwp%2Fv2%2Fcategories&post=2782"},{"taxonomy":"post_tag","embeddable":true,"href":"http:\/\/fichero.veterinariaudec.cl\/chillan\/index.php?rest_route=%2Fwp%2Fv2%2Ftags&post=2782"}],"curies":[{"name":"wp","href":"https:\/\/api.w.org\/{rel}","templated":true}]}}