{"id":2755,"date":"2025-03-07T18:20:30","date_gmt":"2025-03-07T18:20:30","guid":{"rendered":"http:\/\/fichero.veterinariaudec.cl\/chillan\/?p=2755"},"modified":"2025-03-07T18:21:40","modified_gmt":"2025-03-07T18:21:40","slug":"formulario-de-inscripcion-para-ornitologia-mv-chillan","status":"publish","type":"post","link":"http:\/\/fichero.veterinariaudec.cl\/chillan\/?p=2755","title":{"rendered":"Formulario de Inscripci\u00f3n para Ornitolog\u00eda MV Chill\u00e1n."},"content":{"rendered":"<p>Estimados y Estimadas Estudiantes,<\/p>\n<p>Se adjunta el formulario para la inscripci\u00f3n del Electivo de Ornitolog\u00eda que s<span data-olk-copy-source=\"MessageBody\">e dictar\u00e1 los d\u00edas viernes de 15 a 19 hrs. en la sala A. Best en el Dpto. Cs Animal.<\/span><\/p>\n<p><span data-olk-copy-source=\"MessageBody\">Son 25 cupos, por tanto, la selecci\u00f3n ser\u00e1 en orden de respuesta.<\/span><\/p>\n<p><span style=\"color: #ff0000;\"><strong>IMPORTANTE:<\/strong><\/span>\u00a0<span data-olk-copy-source=\"MessageBody\">El prerrequisito es el ciclo b\u00e1sico aprobado (completo!).<\/span><\/p>\n<p>Link al formulario:\u00a0<a href=\"https:\/\/forms.office.com\/r\/g1qzaAzpxY\">https:\/\/forms.office.com\/r\/g1qzaAzpxY<\/a><\/p>\n","protected":false},"excerpt":{"rendered":"<p>Estimados y Estimadas Estudiantes, Se adjunta el formulario para la inscripci\u00f3n del Electivo de Ornitolog\u00eda que se dictar\u00e1 los d\u00edas viernes de 15 a 19 hrs. en la sala A. Best en el Dpto. Cs Animal. Son 25 cupos, por tanto, la selecci\u00f3n ser\u00e1 en orden de respuesta. IMPORTANTE:\u00a0El prerrequisito es el ciclo b\u00e1sico aprobado [&hellip;]<\/p>\n","protected":false},"author":2,"featured_media":0,"comment_status":"closed","ping_status":"closed","sticky":false,"template":"","format":"standard","meta":{"footnotes":""},"categories":[1],"tags":[],"class_list":["post-2755","post","type-post","status-publish","format-standard","hentry","category-sin-categoria"],"_links":{"self":[{"href":"http:\/\/fichero.veterinariaudec.cl\/chillan\/index.php?rest_route=\/wp\/v2\/posts\/2755","targetHints":{"allow":["GET"]}}],"collection":[{"href":"http:\/\/fichero.veterinariaudec.cl\/chillan\/index.php?rest_route=\/wp\/v2\/posts"}],"about":[{"href":"http:\/\/fichero.veterinariaudec.cl\/chillan\/index.php?rest_route=\/wp\/v2\/types\/post"}],"author":[{"embeddable":true,"href":"http:\/\/fichero.veterinariaudec.cl\/chillan\/index.php?rest_route=\/wp\/v2\/users\/2"}],"replies":[{"embeddable":true,"href":"http:\/\/fichero.veterinariaudec.cl\/chillan\/index.php?rest_route=%2Fwp%2Fv2%2Fcomments&post=2755"}],"version-history":[{"count":2,"href":"http:\/\/fichero.veterinariaudec.cl\/chillan\/index.php?rest_route=\/wp\/v2\/posts\/2755\/revisions"}],"predecessor-version":[{"id":2757,"href":"http:\/\/fichero.veterinariaudec.cl\/chillan\/index.php?rest_route=\/wp\/v2\/posts\/2755\/revisions\/2757"}],"wp:attachment":[{"href":"http:\/\/fichero.veterinariaudec.cl\/chillan\/index.php?rest_route=%2Fwp%2Fv2%2Fmedia&parent=2755"}],"wp:term":[{"taxonomy":"category","embeddable":true,"href":"http:\/\/fichero.veterinariaudec.cl\/chillan\/index.php?rest_route=%2Fwp%2Fv2%2Fcategories&post=2755"},{"taxonomy":"post_tag","embeddable":true,"href":"http:\/\/fichero.veterinariaudec.cl\/chillan\/index.php?rest_route=%2Fwp%2Fv2%2Ftags&post=2755"}],"curies":[{"name":"wp","href":"https:\/\/api.w.org\/{rel}","templated":true}]}}