{"id":230,"date":"2016-01-12T13:20:32","date_gmt":"2016-01-12T13:20:32","guid":{"rendered":"http:\/\/fichero.veterinariaudec.cl\/chillan\/?p=230"},"modified":"2016-01-12T20:24:24","modified_gmt":"2016-01-12T20:24:24","slug":"alumnos-en-general-3","status":"publish","type":"post","link":"http:\/\/fichero.veterinariaudec.cl\/chillan\/?p=230","title":{"rendered":"ALUMNOS EN GENERAL"},"content":{"rendered":"<p>Estimados Alumnos:<\/p>\n<p>Yasna Navarrete Gahona, Presidenta del Colegio M\u00e9dico Veterinario Consejer\u00eda \u00d1uble, le saluda atentamente y tiene el agrado de invitarle al ciclo de charlas de Educaci\u00f3n continua COLMEVET, para este jueves 14 de enero a las 19:00 horas en el Auditorio de la Facultad, ubicado en Av. Vicente M\u00e9ndez 595, en esta ocasi\u00f3n contaremos con la presencia del Dr. Pedro Urrutia, en la tem\u00e1tica manejo quir\u00fargico de las neoplasias.<\/p>\n<p>&nbsp;<\/p>\n<p>Esperando contar con su presencia, la que dar\u00e1 realce a esta actividad.<\/p>\n<p>&nbsp;<\/p>\n<p>Atte,<\/p>\n<p>COLMEVET \u00d1uble<\/p>\n","protected":false},"excerpt":{"rendered":"<p>Estimados Alumnos: Yasna Navarrete Gahona, Presidenta del Colegio M\u00e9dico Veterinario Consejer\u00eda \u00d1uble, le saluda atentamente y tiene el agrado de invitarle al ciclo de charlas de Educaci\u00f3n continua COLMEVET, para este jueves 14 de enero a las 19:00 horas en el Auditorio de la Facultad, ubicado en Av. Vicente M\u00e9ndez 595, en esta ocasi\u00f3n contaremos [&hellip;]<\/p>\n","protected":false},"author":5,"featured_media":0,"comment_status":"closed","ping_status":"open","sticky":false,"template":"","format":"standard","meta":{"footnotes":""},"categories":[1],"tags":[],"class_list":["post-230","post","type-post","status-publish","format-standard","hentry","category-sin-categoria"],"_links":{"self":[{"href":"http:\/\/fichero.veterinariaudec.cl\/chillan\/index.php?rest_route=\/wp\/v2\/posts\/230","targetHints":{"allow":["GET"]}}],"collection":[{"href":"http:\/\/fichero.veterinariaudec.cl\/chillan\/index.php?rest_route=\/wp\/v2\/posts"}],"about":[{"href":"http:\/\/fichero.veterinariaudec.cl\/chillan\/index.php?rest_route=\/wp\/v2\/types\/post"}],"author":[{"embeddable":true,"href":"http:\/\/fichero.veterinariaudec.cl\/chillan\/index.php?rest_route=\/wp\/v2\/users\/5"}],"replies":[{"embeddable":true,"href":"http:\/\/fichero.veterinariaudec.cl\/chillan\/index.php?rest_route=%2Fwp%2Fv2%2Fcomments&post=230"}],"version-history":[{"count":1,"href":"http:\/\/fichero.veterinariaudec.cl\/chillan\/index.php?rest_route=\/wp\/v2\/posts\/230\/revisions"}],"predecessor-version":[{"id":231,"href":"http:\/\/fichero.veterinariaudec.cl\/chillan\/index.php?rest_route=\/wp\/v2\/posts\/230\/revisions\/231"}],"wp:attachment":[{"href":"http:\/\/fichero.veterinariaudec.cl\/chillan\/index.php?rest_route=%2Fwp%2Fv2%2Fmedia&parent=230"}],"wp:term":[{"taxonomy":"category","embeddable":true,"href":"http:\/\/fichero.veterinariaudec.cl\/chillan\/index.php?rest_route=%2Fwp%2Fv2%2Fcategories&post=230"},{"taxonomy":"post_tag","embeddable":true,"href":"http:\/\/fichero.veterinariaudec.cl\/chillan\/index.php?rest_route=%2Fwp%2Fv2%2Ftags&post=230"}],"curies":[{"name":"wp","href":"https:\/\/api.w.org\/{rel}","templated":true}]}}