{"id":1723,"date":"2020-11-05T13:13:30","date_gmt":"2020-11-05T13:13:30","guid":{"rendered":"http:\/\/fichero.veterinariaudec.cl\/chillan\/?p=1723"},"modified":"2020-11-05T21:31:32","modified_gmt":"2020-11-05T21:31:32","slug":"informacion-sobre-la-solicitud-de-autorizacion-de-actividades-criticas-en-pregrado","status":"publish","type":"post","link":"http:\/\/fichero.veterinariaudec.cl\/chillan\/?p=1723","title":{"rendered":"Informaci\u00f3n sobre la solicitud de autorizaci\u00f3n de actividades cr\u00edticas en pregrado."},"content":{"rendered":"<p>Con la participaci\u00f3n de la Direcci\u00f3n de Docencia, la Direcci\u00f3n de Servicios Estudiantiles (DISE) y el Comit\u00e9 de Crisis, la UdeC ha planificado los protocolos para el inicio de \u201cactividades cr\u00edticas\u201d del pregrado, como parte del proceso formativo y que incluyen las pr\u00e1cticas curriculares. Los lineamientos generales de los protocolos definidos para el efecto son los siguientes:<\/p>\n<ul>\n<li>Se autorizar\u00e1 actividades cuya virtualizaci\u00f3n no es factible<\/li>\n<li>Las Jefaturas de Carrera (Direcciones de Escuela) y los Comit\u00e9s de Docencia y Asuntos Estudiantiles adquieren un rol relevante en el proceso.<\/li>\n<li>Las Vicedecanaturas ratificar\u00e1n la opini\u00f3n de la Facultad a la cual est\u00e1 adscrita la carrera<\/li>\n<li>El Comit\u00e9 de Crisis analizar\u00e1 los aspectos de seguridad y DISE entregar\u00e1 el seguro correspondiente seg\u00fan corresponda<\/li>\n<\/ul>\n<p>El Comit\u00e9 de Crisis de la UdeC\u00a0 basa sus actividades, regulaciones y resoluciones en los pasos que la autoridad sanitaria del pa\u00eds se\u00f1ala para la pandemia. En el siguiente v\u00ednculo se puede acceder a los protocolos y procedimientos establecidos por el comit\u00e9:<\/p>\n<p><a href=\"https:\/\/comitedecrisis.udec.cl\/sites\/default\/files\/Procedimiento%20Autorizaci%C3%B3n%20PR%C3%81CTICA%20DE%20PREGRADO%20V1%2027-10-2020.pdf#overlay-context=node\/11\">https:\/\/comitedecrisis.udec.cl\/sites\/default\/files\/Procedimiento%20Autorizaci%C3%B3n%20PR%C3%81CTICA%20DE%20PREGRADO%20V1%2027-10-2020.pdf#overlay-context=node\/11<\/a><\/p>\n<p>Aspectos operativos importantes son los flujogramas y la informaci\u00f3n requerida para solicitar la autorizaci\u00f3n seg\u00fan el tipo de actividad:<\/p>\n<ol>\n<li>Procedimientos para autorizar pr\u00e1ctica de pregrado (pr\u00e1ctica laboral, pr\u00e1ctica progresiva)<\/li>\n<li>Procedimiento para autorizar docencia pr\u00e1ctica de pregrado (laboratorios o salidas a terreno, en cualquier nivel de formaci\u00f3n).<\/li>\n<\/ol>\n<p>En el caso de nuestra Facultad, las pr\u00e1cticas curriculares que se quieran realizar en instituciones externas a la UdeC se acogen al primer punto. No est\u00e1 disponible, a la fecha (4 de noviembre de 2020) la posibilidad de solicitar pr\u00e1cticas en dependencias de la Facultad (laboratorios y cl\u00ednicas) debido a que est\u00e1 en desarrollo el proceso de definici\u00f3n de aforos y las comunas en que se encuentran ambas sedes no permiten el desarrollo de actividades presenciales. Esta situaci\u00f3n es progresiva, por lo tanto se informar\u00e1 oportunamente cualquier modificaci\u00f3n al respecto<\/p>\n<p>Por lo anterior, a partir del d\u00eda 2 de noviembre de 2020 los estudiantes pueden iniciar procesos de solicitud de autorizaci\u00f3n de pr\u00e1ctica en INSTITUCIONES Y RECINTOS EXTERNOS, que se inician con la solicitud a la Direcci\u00f3n de Escuela respectiva y requieren la entrega de siguientes antecedentes a la respectiva Direcci\u00f3n.<\/p>\n<ol>\n<li>Formulario de Informaci\u00f3n de pr\u00e1ctica cr\u00edtica (datos de la\/el estudiante, de la carrera y de la empresa) \u2013 ANEXO 3<\/li>\n<li>Declaraci\u00f3n de salud (existencia o no existencia de enfermedades de riesgo) \u2013 ANEXO 4<\/li>\n<li>Consentimiento informado (conocimiento del riesgo asociado a la actividad) \u2013 ANEXO 5<\/li>\n<li>Certificado de Capacitaci\u00f3n (otorgado luego de realizar el curso v\u00eda Canvas) &#8211; SOLICITAR INSCRIPCION EN CURSOS A TRAVES DE DIRECCIONES DE ESCUELA<\/li>\n<li>Evaluaci\u00f3n de Riesgo de la Organizaci\u00f3n externa (eval\u00faa posibilidad de contagio) \u2013 ANEXO 6<\/li>\n<li>Declaraci\u00f3n jurada de la organizaci\u00f3n externa (cumplimiento de la normativa) \u2013 ANEXO 7<\/li>\n<\/ol>\n<p>Descarga de formularios anexos en: <a href=\"https:\/\/comitedecrisis.udec.cl\/node\/11\">https:\/\/comitedecrisis.udec.cl\/node\/11<\/a><\/p>\n","protected":false},"excerpt":{"rendered":"<p>Con la participaci\u00f3n de la Direcci\u00f3n de Docencia, la Direcci\u00f3n de Servicios Estudiantiles (DISE) y el Comit\u00e9 de Crisis, la UdeC ha planificado los protocolos para el inicio de \u201cactividades cr\u00edticas\u201d del pregrado, como parte del proceso formativo y que incluyen las pr\u00e1cticas curriculares. Los lineamientos generales de los protocolos definidos para el efecto son [&hellip;]<\/p>\n","protected":false},"author":1,"featured_media":0,"comment_status":"closed","ping_status":"closed","sticky":false,"template":"","format":"standard","meta":{"footnotes":""},"categories":[1],"tags":[],"class_list":["post-1723","post","type-post","status-publish","format-standard","hentry","category-sin-categoria"],"_links":{"self":[{"href":"http:\/\/fichero.veterinariaudec.cl\/chillan\/index.php?rest_route=\/wp\/v2\/posts\/1723","targetHints":{"allow":["GET"]}}],"collection":[{"href":"http:\/\/fichero.veterinariaudec.cl\/chillan\/index.php?rest_route=\/wp\/v2\/posts"}],"about":[{"href":"http:\/\/fichero.veterinariaudec.cl\/chillan\/index.php?rest_route=\/wp\/v2\/types\/post"}],"author":[{"embeddable":true,"href":"http:\/\/fichero.veterinariaudec.cl\/chillan\/index.php?rest_route=\/wp\/v2\/users\/1"}],"replies":[{"embeddable":true,"href":"http:\/\/fichero.veterinariaudec.cl\/chillan\/index.php?rest_route=%2Fwp%2Fv2%2Fcomments&post=1723"}],"version-history":[{"count":2,"href":"http:\/\/fichero.veterinariaudec.cl\/chillan\/index.php?rest_route=\/wp\/v2\/posts\/1723\/revisions"}],"predecessor-version":[{"id":1725,"href":"http:\/\/fichero.veterinariaudec.cl\/chillan\/index.php?rest_route=\/wp\/v2\/posts\/1723\/revisions\/1725"}],"wp:attachment":[{"href":"http:\/\/fichero.veterinariaudec.cl\/chillan\/index.php?rest_route=%2Fwp%2Fv2%2Fmedia&parent=1723"}],"wp:term":[{"taxonomy":"category","embeddable":true,"href":"http:\/\/fichero.veterinariaudec.cl\/chillan\/index.php?rest_route=%2Fwp%2Fv2%2Fcategories&post=1723"},{"taxonomy":"post_tag","embeddable":true,"href":"http:\/\/fichero.veterinariaudec.cl\/chillan\/index.php?rest_route=%2Fwp%2Fv2%2Ftags&post=1723"}],"curies":[{"name":"wp","href":"https:\/\/api.w.org\/{rel}","templated":true}]}}