{"id":1494,"date":"2019-09-03T16:53:59","date_gmt":"2019-09-03T16:53:59","guid":{"rendered":"http:\/\/fichero.veterinariaudec.cl\/chillan\/?p=1494"},"modified":"2019-09-03T16:53:59","modified_gmt":"2019-09-03T16:53:59","slug":"seminario-internacional-adiestramiento-canino","status":"publish","type":"post","link":"http:\/\/fichero.veterinariaudec.cl\/chillan\/?p=1494","title":{"rendered":"SEMINARIO INTERNACIONAL ADIESTRAMIENTO CANINO"},"content":{"rendered":"<p><a href=\"http:\/\/fichero.veterinariaudec.cl\/concepcion\/wp-content\/uploads\/2019\/09\/Seminario-internacional-de-adiestramiento-canino.jpg\"><img loading=\"lazy\" decoding=\"async\" class=\"alignnone size-large wp-image-5030\" src=\"http:\/\/fichero.veterinariaudec.cl\/concepcion\/wp-content\/uploads\/2019\/09\/Seminario-internacional-de-adiestramiento-canino-1024x1001.jpg\" alt=\"\" width=\"648\" height=\"633\" \/><\/a><\/p>\n<p>Invitaci\u00f3n a seminario de adiestramiento<\/p>\n<p>Estimada comunidad estudiantil,<\/p>\n<p>El equipo \u201cManada Chile\u201d, un grupo de adiestramiento canino nos ha hecho llegar una invitaci\u00f3n a participar en un seminario de adiestramiento canino.<\/p>\n<p>Se adjunta la informaci\u00f3n del curso e informan que los estudiantes tendr\u00e1n un beneficio del 25% de descuento para participar de \u00e9l.<\/p>\n<p>&nbsp;<\/p>\n<p>El \u00a0curso se realizar\u00e1 los d\u00edas 7, 8, 14 y 15 de septiembre en la ciudad de Concepci\u00f3n.<\/p>\n<p>&nbsp;<\/p>\n<p>Los organizadores solicitar\u00e1n un certificado de alumno regular para confirmar su cupo con descuento.<\/p>\n<p>&nbsp;<\/p>\n<p><strong>Aplicando el descuento<\/strong> los precios finales son los siguientes:<\/p>\n<p>Con perro: $150.000 pesos<\/p>\n<p>Sin perro: $90.000 pesos<\/p>\n<p>&nbsp;<\/p>\n<p><a href=\"http:\/\/fichero.veterinariaudec.cl\/concepcion\/wp-content\/uploads\/2019\/09\/Seminario_Internacional_Manada-1.pdf\">Seminario_Internacional_Manada<\/a><\/p>\n<p>&nbsp;<\/p>\n<p>Sin otro particular, les saluda,<\/p>\n<p>&nbsp;<\/p>\n<p>Dr. Alejandro Lobos L.<\/p>\n<p>Director de Escuela Concepci\u00f3n<\/p>\n<p>Facultad de Ciencias Veterinarias<\/p>\n<p>Universidad de Concepci\u00f3n<\/p>\n<p>412207342<\/p>\n<p><a href=\"mailto:alobos@udec.cl\">alobos@udec.cl<\/a><\/p>\n","protected":false},"excerpt":{"rendered":"<p>Invitaci\u00f3n a seminario de adiestramiento Estimada comunidad estudiantil, El equipo \u201cManada Chile\u201d, un grupo de adiestramiento canino nos ha hecho llegar una invitaci\u00f3n a participar en un seminario de adiestramiento canino. Se adjunta la informaci\u00f3n del curso e informan que los estudiantes tendr\u00e1n un beneficio del 25% de descuento para participar de \u00e9l. &nbsp; El [&hellip;]<\/p>\n","protected":false},"author":4,"featured_media":0,"comment_status":"closed","ping_status":"closed","sticky":false,"template":"","format":"standard","meta":{"footnotes":""},"categories":[1],"tags":[],"class_list":["post-1494","post","type-post","status-publish","format-standard","hentry","category-sin-categoria"],"_links":{"self":[{"href":"http:\/\/fichero.veterinariaudec.cl\/chillan\/index.php?rest_route=\/wp\/v2\/posts\/1494","targetHints":{"allow":["GET"]}}],"collection":[{"href":"http:\/\/fichero.veterinariaudec.cl\/chillan\/index.php?rest_route=\/wp\/v2\/posts"}],"about":[{"href":"http:\/\/fichero.veterinariaudec.cl\/chillan\/index.php?rest_route=\/wp\/v2\/types\/post"}],"author":[{"embeddable":true,"href":"http:\/\/fichero.veterinariaudec.cl\/chillan\/index.php?rest_route=\/wp\/v2\/users\/4"}],"replies":[{"embeddable":true,"href":"http:\/\/fichero.veterinariaudec.cl\/chillan\/index.php?rest_route=%2Fwp%2Fv2%2Fcomments&post=1494"}],"version-history":[{"count":1,"href":"http:\/\/fichero.veterinariaudec.cl\/chillan\/index.php?rest_route=\/wp\/v2\/posts\/1494\/revisions"}],"predecessor-version":[{"id":1495,"href":"http:\/\/fichero.veterinariaudec.cl\/chillan\/index.php?rest_route=\/wp\/v2\/posts\/1494\/revisions\/1495"}],"wp:attachment":[{"href":"http:\/\/fichero.veterinariaudec.cl\/chillan\/index.php?rest_route=%2Fwp%2Fv2%2Fmedia&parent=1494"}],"wp:term":[{"taxonomy":"category","embeddable":true,"href":"http:\/\/fichero.veterinariaudec.cl\/chillan\/index.php?rest_route=%2Fwp%2Fv2%2Fcategories&post=1494"},{"taxonomy":"post_tag","embeddable":true,"href":"http:\/\/fichero.veterinariaudec.cl\/chillan\/index.php?rest_route=%2Fwp%2Fv2%2Ftags&post=1494"}],"curies":[{"name":"wp","href":"https:\/\/api.w.org\/{rel}","templated":true}]}}