{"id":1168,"date":"2018-11-08T13:16:42","date_gmt":"2018-11-08T13:16:42","guid":{"rendered":"http:\/\/fichero.veterinariaudec.cl\/chillan\/?p=1168"},"modified":"2018-11-08T13:16:42","modified_gmt":"2018-11-08T13:16:42","slug":"practica-curricular","status":"publish","type":"post","link":"http:\/\/fichero.veterinariaudec.cl\/chillan\/?p=1168","title":{"rendered":"PRACTICA CURRICULAR"},"content":{"rendered":"<p><strong>Practica profesional para estudiantes de 3ro, 4to y\/o 5to a\u00f1o de Medicina Veterinaria de la Universidad de Concepci\u00f3n <\/strong><\/p>\n<p>&nbsp;<\/p>\n<p>La ilustre municipalidad de Quirihue invita a alumnos entusiastas y con conciencia social a realizar practica profesional en la capital provincial de \u00d1uble, bajo la tutela del Medico Veterinario de la municipalidad Dr. Juan Emilio Cerro Reyes.<\/p>\n<p>&nbsp;<\/p>\n<p>La cual consiste en participar de operativos masivos de vacunaci\u00f3n, implantaci\u00f3n de microchip y desparasitaci\u00f3n (perros y gatos) con el fin de cumplir con las exigencias de la ley 21.020 de tenencia responsable de mascotas.<\/p>\n<p>&nbsp;<\/p>\n<p>En esta \u00e1rea el rol del M\u00e9dico veterinario se hace presente como una pieza fundamental para la implementaci\u00f3n de esta ley, donde es necesario que las nuevas generaciones de colegas profesionales se vean familiarizadas con las actividades que se realizan sobre este tema. Tambi\u00e9n se buscar\u00e1 dar atenci\u00f3n b\u00e1sica ambulatoria a toda mascota que requiera una aproximaci\u00f3n diagnostica y realizar educaci\u00f3n sobre tenencia responsable a los usuarios.<\/p>\n<p>&nbsp;<\/p>\n<p>Dichas actividades ser\u00e1n realizadas en sedes o juntas vecinales de diferentes zonas de la comuna de quirihue considerando tambi\u00e9n sectores rurales donde se quieren abordar 400 mascotas para microchips y vacunas.<\/p>\n<p>&nbsp;<\/p>\n<p>Se ofrecen 4 cupos para realizar dicha pr\u00e1ctica. La cual tiene una duraci\u00f3n de 3 semanas (15 d\u00edas h\u00e1biles) de 9.00 de la ma\u00f1ana a 13.00 y de 14.30 a 17.30 hrs.<\/p>\n<p>&nbsp;<\/p>\n<p>La municipalidad ofrecer\u00e1 alojamiento y alimentaci\u00f3n (desayuno y almuerzo) a los alumnos que participen de la practica profesional durante estas 3 semanas (del 9 al 30 de enero 2019) y la movilizaci\u00f3n necesaria para desplazarse dentro de la comuna.<\/p>\n<p>&nbsp;<\/p>\n<p>La pr\u00e1ctica ser\u00e1 evaluada por el Medico Veterinario a cargo considerando el trabajo en terreno (70%) y un trabajo escrito (30%) para la nota final de la pr\u00e1ctica.<\/p>\n<p>&nbsp;<\/p>\n<p>Ser\u00e1 entregada una certificaci\u00f3n por parte de la municipalidad para fines de acreditaci\u00f3n de la actividad para cada estudiante.<\/p>\n<p>&nbsp;<\/p>\n<p>&nbsp;<\/p>\n<p>&nbsp;<\/p>\n<h2>Inscripciones con Dr. Juan Emilio Cerro Reyes <a href=\"mailto:cerromv@gmail.com\">cerromv@gmail.com<\/a><\/h2>\n<p>&nbsp;<\/p>\n<p>O en forma directa con:<\/p>\n<p>&nbsp;<\/p>\n<p>Dra. <em>Paula<\/em>\u00a0<em> Gadicke<\/em>\u00a0L`Huissier<\/p>\n<p>Dr. Sergio Cofr\u00e9 Gonz\u00e1lez<\/p>\n","protected":false},"excerpt":{"rendered":"<p>Practica profesional para estudiantes de 3ro, 4to y\/o 5to a\u00f1o de Medicina Veterinaria de la Universidad de Concepci\u00f3n &nbsp; La ilustre municipalidad de Quirihue invita a alumnos entusiastas y con conciencia social a realizar practica profesional en la capital provincial de \u00d1uble, bajo la tutela del Medico Veterinario de la municipalidad Dr. Juan Emilio Cerro [&hellip;]<\/p>\n","protected":false},"author":2,"featured_media":0,"comment_status":"closed","ping_status":"closed","sticky":false,"template":"","format":"standard","meta":{"footnotes":""},"categories":[1],"tags":[],"class_list":["post-1168","post","type-post","status-publish","format-standard","hentry","category-sin-categoria"],"_links":{"self":[{"href":"http:\/\/fichero.veterinariaudec.cl\/chillan\/index.php?rest_route=\/wp\/v2\/posts\/1168","targetHints":{"allow":["GET"]}}],"collection":[{"href":"http:\/\/fichero.veterinariaudec.cl\/chillan\/index.php?rest_route=\/wp\/v2\/posts"}],"about":[{"href":"http:\/\/fichero.veterinariaudec.cl\/chillan\/index.php?rest_route=\/wp\/v2\/types\/post"}],"author":[{"embeddable":true,"href":"http:\/\/fichero.veterinariaudec.cl\/chillan\/index.php?rest_route=\/wp\/v2\/users\/2"}],"replies":[{"embeddable":true,"href":"http:\/\/fichero.veterinariaudec.cl\/chillan\/index.php?rest_route=%2Fwp%2Fv2%2Fcomments&post=1168"}],"version-history":[{"count":1,"href":"http:\/\/fichero.veterinariaudec.cl\/chillan\/index.php?rest_route=\/wp\/v2\/posts\/1168\/revisions"}],"predecessor-version":[{"id":1169,"href":"http:\/\/fichero.veterinariaudec.cl\/chillan\/index.php?rest_route=\/wp\/v2\/posts\/1168\/revisions\/1169"}],"wp:attachment":[{"href":"http:\/\/fichero.veterinariaudec.cl\/chillan\/index.php?rest_route=%2Fwp%2Fv2%2Fmedia&parent=1168"}],"wp:term":[{"taxonomy":"category","embeddable":true,"href":"http:\/\/fichero.veterinariaudec.cl\/chillan\/index.php?rest_route=%2Fwp%2Fv2%2Fcategories&post=1168"},{"taxonomy":"post_tag","embeddable":true,"href":"http:\/\/fichero.veterinariaudec.cl\/chillan\/index.php?rest_route=%2Fwp%2Fv2%2Ftags&post=1168"}],"curies":[{"name":"wp","href":"https:\/\/api.w.org\/{rel}","templated":true}]}}